{"id":20155,"date":"2024-09-12T20:00:52","date_gmt":"2024-09-12T20:00:52","guid":{"rendered":"http:\/\/staging.ibermusicas.org\/?p=20155"},"modified":"2024-09-30T13:45:12","modified_gmt":"2024-09-30T13:45:12","slug":"o-ensemble-vocal-luna-de-cuba-actuara-na-colombia","status":"publish","type":"post","link":"http:\/\/staging.ibermusicas.org\/index.php\/o-ensemble-vocal-luna-de-cuba-actuara-na-colombia\/","title":{"rendered":"O Ensemble Vocal Luna de Cuba actuar\u00e1 na Col\u00f4mbia"},"content":{"rendered":"<p>O coro feminino Ensemble Vocal Luna \u00e9 um grupo de excel\u00eancia no cat\u00e1logo da m\u00fasica cubana. Os seus vinte anos de voo art\u00edstico sustentado permitem-lhe exibir um trabalho maduro e, ao mesmo tempo, renovado, numa proposta que se distingue pelo requinte das suas interpreta\u00e7\u00f5es e dos seus membros.<\/p>\n<p>&nbsp;<\/p>\n<p>O Ensamble Vocal Luna inclui no seu repert\u00f3rio toda a m\u00fasica coral poss\u00edvel para o seu formato: m\u00fasica antiga, cl\u00e1ssica e rom\u00e2ntica; obras sacras; Natal; m\u00fasica do mundo; pe\u00e7as contempor\u00e2neas e, sobretudo, m\u00fasica popular cubana em arranjos a cappella ou com acompanhamento.<\/p>\n<p>&nbsp;<\/p>\n<p>O grupo \u00e9 reconhecido pelo seu trabalho de divulga\u00e7\u00e3o das cria\u00e7\u00f5es de compositoras cubanas e internacionais, muitas das quais criaram obras especialmente para este coro. Os seus membros &#8211; licenciadas em canto coral, dire\u00e7\u00e3o coral e orquestral, music\u00f3logas, pedagogas e instrumentistas &#8211; oferecem uma proposta que se distingue pela sua brilhante sonoridade e constante experimenta\u00e7\u00e3o. Cada espet\u00e1culo \u00e9 um momento \u00fanico em que o meio coral feminino expande as suas fronteiras para al\u00e9m do canto, entrando na expressividade corporal atrav\u00e9s de novos elementos coreogr\u00e1ficos e c\u00e9nicos.<\/p>\n<p>&nbsp;<\/p>\n<p>O Ensamble Vocal Luna apresentou-se em palcos nacionais e internacionais selecionados e em eventos corais de renome em Espanha, M\u00e9xico, Equador e Venezuela. Produziu dois registos discogr\u00e1ficos: Apunte (2005) e Cantos de Cuba y del Mundo (2015). Ganhou duas medalhas de ouro nas Olimp\u00edadas Corais realizadas na \u00c1frica do Sul em 2018.<\/p>\n<p>&nbsp;<\/p>\n<p>A sua diretora, Maribel Nodarse Vald\u00e9s, \u00e9 licenciada em m\u00fasica pela Universidade das Artes (ISA) de Havana, com especializa\u00e7\u00e3o em dire\u00e7\u00e3o coral e orquestral. \u00c9 fundadora do Ensemble Vocal Luna e diretora do coro infantil Allegretto. \u00c9 professora de dire\u00e7\u00e3o coral e literatura coral na Escola Nacional de M\u00fasica.<\/p>\n<p>&nbsp;<\/p>\n<p>Esta tourn\u00e9e do Ensamble Vocal Luna \u00e9 apoiada pelo Iberm\u00fasicas atrav\u00e9s das suas ajudas \u00e0 circula\u00e7\u00e3o, chamada 2023.<\/p>\n<p>&nbsp;<\/p>\n<ul>\n<li>De 17 a 24 de setembro na Col\u00f4mbia<\/li>\n<\/ul>\n","protected":false},"excerpt":{"rendered":"<p>O coro feminino Ensemble Vocal Luna \u00e9 um grupo de excel\u00eancia no cat\u00e1logo da m\u00fasica cubana. Os seus vinte anos de voo art\u00edstico sustentado permitem-lhe exibir um trabalho maduro e, ao mesmo tempo, renovado, numa proposta que se distingue pelo requinte das suas interpreta\u00e7\u00f5es e dos seus membros. &nbsp; O Ensamble Vocal Luna inclui no [&hellip;]<\/p>\n","protected":false},"author":7,"featured_media":20153,"comment_status":"closed","ping_status":"closed","sticky":false,"template":"","format":"standard","meta":{"footnotes":""},"categories":[218],"tags":[],"class_list":["post-20155","post","type-post","status-publish","format-standard","has-post-thumbnail","hentry","category-noticias-generales-pt"],"lang":"pt","translations":{"pt":20155,"es":20151},"pll_sync_post":[],"post_mailing_queue_ids":[],"_links":{"self":[{"href":"http:\/\/staging.ibermusicas.org\/index.php\/wp-json\/wp\/v2\/posts\/20155","targetHints":{"allow":["GET"]}}],"collection":[{"href":"http:\/\/staging.ibermusicas.org\/index.php\/wp-json\/wp\/v2\/posts"}],"about":[{"href":"http:\/\/staging.ibermusicas.org\/index.php\/wp-json\/wp\/v2\/types\/post"}],"author":[{"embeddable":true,"href":"http:\/\/staging.ibermusicas.org\/index.php\/wp-json\/wp\/v2\/users\/7"}],"replies":[{"embeddable":true,"href":"http:\/\/staging.ibermusicas.org\/index.php\/wp-json\/wp\/v2\/comments?post=20155"}],"version-history":[{"count":1,"href":"http:\/\/staging.ibermusicas.org\/index.php\/wp-json\/wp\/v2\/posts\/20155\/revisions"}],"predecessor-version":[{"id":20156,"href":"http:\/\/staging.ibermusicas.org\/index.php\/wp-json\/wp\/v2\/posts\/20155\/revisions\/20156"}],"wp:featuredmedia":[{"embeddable":true,"href":"http:\/\/staging.ibermusicas.org\/index.php\/wp-json\/wp\/v2\/media\/20153"}],"wp:attachment":[{"href":"http:\/\/staging.ibermusicas.org\/index.php\/wp-json\/wp\/v2\/media?parent=20155"}],"wp:term":[{"taxonomy":"category","embeddable":true,"href":"http:\/\/staging.ibermusicas.org\/index.php\/wp-json\/wp\/v2\/categories?post=20155"},{"taxonomy":"post_tag","embeddable":true,"href":"http:\/\/staging.ibermusicas.org\/index.php\/wp-json\/wp\/v2\/tags?post=20155"}],"curies":[{"name":"wp","href":"https:\/\/api.w.org\/{rel}","templated":true}]}}