{"id":20157,"date":"2024-09-12T20:07:53","date_gmt":"2024-09-12T20:07:53","guid":{"rendered":"http:\/\/staging.ibermusicas.org\/?p=20157"},"modified":"2024-09-30T13:59:43","modified_gmt":"2024-09-30T13:59:43","slug":"la-agrupacion-rancho-aparte-de-colombia-realizara-una-gira-por-los-estados-unidos","status":"publish","type":"post","link":"http:\/\/staging.ibermusicas.org\/index.php\/la-agrupacion-rancho-aparte-de-colombia-realizara-una-gira-por-los-estados-unidos\/","title":{"rendered":"La agrupaci\u00f3n Rancho Aparte de Colombia realizar\u00e1 una gira por los Estados Unidos"},"content":{"rendered":"<p>Rancho Aparte es el nombre de este grupo del pac\u00edfico colombiano conformado por j\u00f3venes m\u00fasicos que buscan, sin concesiones, la ra\u00edz de una m\u00fasica que nace en la alegr\u00eda de la libertad recobrada y la tristeza de haberla perdido un d\u00eda. Sones de abozaos, polkas, danzas, rebul\u00fa, contradanzas, cantes y ritmos que evocan la otra \u00c1frica son el puntal de este grupo. Cuando Rancho Aparte suena, suena el clarinete, el saxof\u00f3n de cobre, el tambor tambora y una voz de ra\u00edz y sin escuela.<\/p>\n<p>&nbsp;<\/p>\n<p>En el a\u00f1o 2005 en la ciudad de Quibd\u00f3 &#8211; Choc\u00f3, un grupo de j\u00f3venes m\u00fasicos se congregaron en torno a un tema que para ellos era parte de su cotidianidad: la m\u00fasica tradicional del pac\u00edfico norte, analizando su problem\u00e1tica, discutiendo formas de sacarla adelante, e ideando estrategias que hicieran de \u00e9sta una m\u00fasica con difusi\u00f3n nacional e internacional, a la par con los dem\u00e1s ritmos folcl\u00f3ricos colombianos, hasta lograr su posicionamiento comercial. Se propusieron crear una chirim\u00eda, agrupaci\u00f3n musical tradicional del pac\u00edfico norte. As\u00ed naci\u00f3 Rancho Aparte.<\/p>\n<p>&nbsp;<\/p>\n<p>El nombre tiene un contenido social ya que en la regi\u00f3n exist\u00eda una marcada apat\u00eda hacia los j\u00f3venes que intentaban abordar dichos ritmos, ya que por su car\u00e1cter tradicional, solo generaban credibilidad las personas de mayor edad, y los j\u00f3venes eran vistos como una especie de distorsionadores del sonido. \u00abHagamos un rancho aparte, una visi\u00f3n propia de nuestra m\u00fasica, haremos nuestro propio sonido, respetando a los patrones que hacen la m\u00fasica tradicional y a los maestros que nos la han legado\u00bb fueron las palabras concluyentes al momento de la fundaci\u00f3n de este grupo.<\/p>\n<p>&nbsp;<\/p>\n<p>La propuesta de Rancho Aparte ha sido ganadora de la convocatoria especial Iberm\u00fasicas &#8211; Mid Atlantic para la circulaci\u00f3n en los Estados Unidos, convocatoria 2023.<\/p>\n<p>&nbsp;<\/p>\n<p>Del 20 de septiembre al 5 de octubre, gira por los Estados Unidos<\/p>\n","protected":false},"excerpt":{"rendered":"<p>Rancho Aparte es el nombre de este grupo del pac\u00edfico colombiano conformado por j\u00f3venes m\u00fasicos que buscan, sin concesiones, la ra\u00edz de una m\u00fasica que nace en la alegr\u00eda de la libertad recobrada y la tristeza de haberla perdido un d\u00eda. Sones de abozaos, polkas, danzas, rebul\u00fa, contradanzas, cantes y ritmos que evocan la otra [&hellip;]<\/p>\n","protected":false},"author":7,"featured_media":20158,"comment_status":"closed","ping_status":"closed","sticky":false,"template":"","format":"standard","meta":{"footnotes":""},"categories":[53],"tags":[],"class_list":["post-20157","post","type-post","status-publish","format-standard","has-post-thumbnail","hentry","category-noticias-generales"],"lang":"es","translations":{"es":20157,"pt":20160},"pll_sync_post":[],"post_mailing_queue_ids":[],"_links":{"self":[{"href":"http:\/\/staging.ibermusicas.org\/index.php\/wp-json\/wp\/v2\/posts\/20157","targetHints":{"allow":["GET"]}}],"collection":[{"href":"http:\/\/staging.ibermusicas.org\/index.php\/wp-json\/wp\/v2\/posts"}],"about":[{"href":"http:\/\/staging.ibermusicas.org\/index.php\/wp-json\/wp\/v2\/types\/post"}],"author":[{"embeddable":true,"href":"http:\/\/staging.ibermusicas.org\/index.php\/wp-json\/wp\/v2\/users\/7"}],"replies":[{"embeddable":true,"href":"http:\/\/staging.ibermusicas.org\/index.php\/wp-json\/wp\/v2\/comments?post=20157"}],"version-history":[{"count":1,"href":"http:\/\/staging.ibermusicas.org\/index.php\/wp-json\/wp\/v2\/posts\/20157\/revisions"}],"predecessor-version":[{"id":20159,"href":"http:\/\/staging.ibermusicas.org\/index.php\/wp-json\/wp\/v2\/posts\/20157\/revisions\/20159"}],"wp:featuredmedia":[{"embeddable":true,"href":"http:\/\/staging.ibermusicas.org\/index.php\/wp-json\/wp\/v2\/media\/20158"}],"wp:attachment":[{"href":"http:\/\/staging.ibermusicas.org\/index.php\/wp-json\/wp\/v2\/media?parent=20157"}],"wp:term":[{"taxonomy":"category","embeddable":true,"href":"http:\/\/staging.ibermusicas.org\/index.php\/wp-json\/wp\/v2\/categories?post=20157"},{"taxonomy":"post_tag","embeddable":true,"href":"http:\/\/staging.ibermusicas.org\/index.php\/wp-json\/wp\/v2\/tags?post=20157"}],"curies":[{"name":"wp","href":"https:\/\/api.w.org\/{rel}","templated":true}]}}