{"id":20160,"date":"2024-09-12T20:09:01","date_gmt":"2024-09-12T20:09:01","guid":{"rendered":"http:\/\/staging.ibermusicas.org\/?p=20160"},"modified":"2024-09-30T13:44:24","modified_gmt":"2024-09-30T13:44:24","slug":"o-grupo-colombiano-rancho-aparte-vai-fazer-uma-turne-pelos-estados-unidos","status":"publish","type":"post","link":"http:\/\/staging.ibermusicas.org\/index.php\/o-grupo-colombiano-rancho-aparte-vai-fazer-uma-turne-pelos-estados-unidos\/","title":{"rendered":"O grupo colombiano Rancho Aparte vai fazer uma turn\u00ea pelos Estados Unidos"},"content":{"rendered":"<p>Rancho Aparte \u00e9 o nome deste grupo do Pac\u00edfico colombiano, composto por jovens m\u00fasicos que procuram intransigentemente as ra\u00edzes de uma m\u00fasica nascida da alegria da liberdade reconquistada e da tristeza de a ter perdido um dia. Sons de abozaos, polcas, dan\u00e7as, rebul\u00fa, contradan\u00e7as, can\u00e7\u00f5es e ritmos que evocam a outra \u00c1frica s\u00e3o a base deste grupo. Quando o Rancho Aparte toca, eles tocam o clarinete, o saxofone de cobre, o tambor e uma voz de ra\u00edzes e sem escolaridade.<\/p>\n<p>&nbsp;<\/p>\n<p>Em 2005, na cidade de Quibd\u00f3 &#8211; Choc\u00f3, um grupo de jovens m\u00fasicos reuniu-se em torno de um assunto que fazia parte do seu quotidiano: a m\u00fasica tradicional do Pac\u00edfico Norte, analisando os seus problemas, discutindo formas de a fazer avan\u00e7ar e concebendo estrat\u00e9gias que a tornassem uma m\u00fasica com difus\u00e3o nacional e internacional, ao n\u00edvel de outros ritmos folcl\u00f3ricos colombianos, at\u00e9 atingir um posicionamento comercial. Eles se propuseram a criar uma chirim\u00eda: grupo musical tradicional do Pac\u00edfico norte. Assim nasceu o Rancho Aparte.<\/p>\n<p>&nbsp;<\/p>\n<p>O nome tem um conte\u00fado social, uma vez que na regi\u00e3o havia uma apatia acentuada em rela\u00e7\u00e3o aos jovens que tentavam aproximar-se destes ritmos, uma vez que, devido ao seu car\u00e1cter tradicional, apenas os mais velhos geravam credibilidade, e os jovens eram vistos como uma esp\u00e9cie de distorcedores do som. \u201cVamos fazer o Rancho Aparte, a nossa pr\u00f3pria vis\u00e3o da nossa m\u00fasica, vamos fazer o nosso pr\u00f3prio som, respeitando os mestres que fazem a m\u00fasica tradicional e os mestres que nos legaram\u201d foram as palavras conclusivas na altura da funda\u00e7\u00e3o deste grupo.<\/p>\n<p>&nbsp;<\/p>\n<p>A proposta do Rancho Aparte foi a vencedora da convocat\u00f3ria especial do Iberm\u00fasicas &#8211; Mid Atlantic para circula\u00e7\u00e3o nos Estados Unidos, convocat\u00f3ria 2023.<\/p>\n<p>&nbsp;<\/p>\n<ul>\n<li>De 20 de setembro a 5 de outubro, digress\u00e3o pelos Estados Unidos<\/li>\n<\/ul>\n","protected":false},"excerpt":{"rendered":"<p>Rancho Aparte \u00e9 o nome deste grupo do Pac\u00edfico colombiano, composto por jovens m\u00fasicos que procuram intransigentemente as ra\u00edzes de uma m\u00fasica nascida da alegria da liberdade reconquistada e da tristeza de a ter perdido um dia. Sons de abozaos, polcas, dan\u00e7as, rebul\u00fa, contradan\u00e7as, can\u00e7\u00f5es e ritmos que evocam a outra \u00c1frica s\u00e3o a base [&hellip;]<\/p>\n","protected":false},"author":7,"featured_media":20158,"comment_status":"closed","ping_status":"closed","sticky":false,"template":"","format":"standard","meta":{"footnotes":""},"categories":[218],"tags":[],"class_list":["post-20160","post","type-post","status-publish","format-standard","has-post-thumbnail","hentry","category-noticias-generales-pt"],"lang":"pt","translations":{"pt":20160,"es":20157},"pll_sync_post":[],"post_mailing_queue_ids":[],"_links":{"self":[{"href":"http:\/\/staging.ibermusicas.org\/index.php\/wp-json\/wp\/v2\/posts\/20160","targetHints":{"allow":["GET"]}}],"collection":[{"href":"http:\/\/staging.ibermusicas.org\/index.php\/wp-json\/wp\/v2\/posts"}],"about":[{"href":"http:\/\/staging.ibermusicas.org\/index.php\/wp-json\/wp\/v2\/types\/post"}],"author":[{"embeddable":true,"href":"http:\/\/staging.ibermusicas.org\/index.php\/wp-json\/wp\/v2\/users\/7"}],"replies":[{"embeddable":true,"href":"http:\/\/staging.ibermusicas.org\/index.php\/wp-json\/wp\/v2\/comments?post=20160"}],"version-history":[{"count":1,"href":"http:\/\/staging.ibermusicas.org\/index.php\/wp-json\/wp\/v2\/posts\/20160\/revisions"}],"predecessor-version":[{"id":20161,"href":"http:\/\/staging.ibermusicas.org\/index.php\/wp-json\/wp\/v2\/posts\/20160\/revisions\/20161"}],"wp:featuredmedia":[{"embeddable":true,"href":"http:\/\/staging.ibermusicas.org\/index.php\/wp-json\/wp\/v2\/media\/20158"}],"wp:attachment":[{"href":"http:\/\/staging.ibermusicas.org\/index.php\/wp-json\/wp\/v2\/media?parent=20160"}],"wp:term":[{"taxonomy":"category","embeddable":true,"href":"http:\/\/staging.ibermusicas.org\/index.php\/wp-json\/wp\/v2\/categories?post=20160"},{"taxonomy":"post_tag","embeddable":true,"href":"http:\/\/staging.ibermusicas.org\/index.php\/wp-json\/wp\/v2\/tags?post=20160"}],"curies":[{"name":"wp","href":"https:\/\/api.w.org\/{rel}","templated":true}]}}