{"id":20164,"date":"2024-09-12T20:11:27","date_gmt":"2024-09-12T20:11:27","guid":{"rendered":"http:\/\/staging.ibermusicas.org\/?p=20164"},"modified":"2024-09-30T13:59:37","modified_gmt":"2024-09-30T13:59:37","slug":"la-artista-brasilena-nath-rodrigues-actuara-en-portugal-italia-y-suiza","status":"publish","type":"post","link":"http:\/\/staging.ibermusicas.org\/index.php\/la-artista-brasilena-nath-rodrigues-actuara-en-portugal-italia-y-suiza\/","title":{"rendered":"La artista brasile\u00f1a Nath Rodrigues actuar\u00e1 en Portugal, Italia y Suiza"},"content":{"rendered":"<p>El proyecto \u201cMultiEtnia Musical &#8211; Fragmentos de Brasil e Outras Escutas\u201d propone una gira de Nath Rodrigues por Portugal, Italia y Suiza, as\u00ed como la conferencia \u201cA Express\u00e3o Corporal da Voz\u201d, que aborda conocimientos sobre la creaci\u00f3n musical. El objetivo del proyecto es ampliar la carrera internacional de la artista y promover un intercambio cultural con el p\u00fablico, acercando los debates sociales y art\u00edsticos a trav\u00e9s de la m\u00fasica.<\/p>\n<p>&nbsp;<\/p>\n<p>Nath tambi\u00e9n procura ampliar los lazos con los profesionales de la cultura, aumentando las posibilidades de futuros intercambios y as\u00ed abrir el camino y las posibilidades de su carrera, que representa el arte brasile\u00f1o, negro y femenino.<\/p>\n<p>&nbsp;<\/p>\n<p>Nath Rodrigues es multiinstrumentista, cantante y compositora. La artista dedica su trabajo a la canci\u00f3n y a la investigaci\u00f3n de los efectos de la m\u00fasica en el cuerpo &#8211; mente &#8211; esp\u00edritu. Ganadora del Premio Fl\u00e1vio Henrique, del Premio Joven Instrumentista de la BDMG, del Festival de la Canci\u00f3n Todos os Sons y del Festival de la Canci\u00f3n de la Alianza Francesa, ha realizado giras por varias ciudades brasile\u00f1as, as\u00ed como por pa\u00edses como Argentina, Colombia, Suiza, Portugal, Italia y Francia. Nath ha participado en obras de m\u00fasicos de renombre en la escena musical de Minas Gerais y ha construido sus referencias musicales a lo largo de muchos a\u00f1os acompa\u00f1ando a otros artistas, tocando en grupos instrumentales y utilizando referencias y sonidos de otros lugares del mundo a los que ha viajado, tejiendo conexiones que atraviesan su propio continente.<\/p>\n<p>&nbsp;<\/p>\n<p>Su primer disco en solitario (Fractal), publicado en 2019, cont\u00f3 con la colaboraci\u00f3n de Chico C\u00e9sar. Lanz\u00f3 su segundo \u00e1lbum en 2022 (Fio) y recientemente trajo al mundo el single Sussurro, con un videoclip grabado en el escenario del modernismo brasile\u00f1o, alrededor de Lagoa da Pampulha (Belo Horizonte &#8211; Brasil). Su carrera ha incluido colaboraciones con algunos de los nombres m\u00e1s importantes de la m\u00fasica brasile\u00f1a, como Luedji Luna, Maur\u00edcio Tizumba, S\u00e9rgio Perer\u00ea y Titane.<\/p>\n<p>&nbsp;<\/p>\n<p>Esta gira de Nath Rodr\u00edguez se hace posible gracias al apoyo de Iberm\u00fasicas mediante sus Ayudas a la Circulaci\u00f3n, convocatoria 2023.<\/p>\n<p>&nbsp;<\/p>\n<p>&nbsp;<\/p>\n<ul>\n<li>21 de septiembre: B.O.T.A., Largo Santa B\u00e1rbara, 3D, Lisboa, Portugal<\/li>\n<li>27 de septiembre, Cafun\u00e9, Bari, Apulia Italia<\/li>\n<li>3 y 4 de octubre, Fundaci\u00f3n Brasilea, Westquaistr, 39 CH &#8211; 4019 Basilea, Suiza<\/li>\n<\/ul>\n","protected":false},"excerpt":{"rendered":"<p>El proyecto \u201cMultiEtnia Musical &#8211; Fragmentos de Brasil e Outras Escutas\u201d propone una gira de Nath Rodrigues por Portugal, Italia y Suiza, as\u00ed como la conferencia \u201cA Express\u00e3o Corporal da Voz\u201d, que aborda conocimientos sobre la creaci\u00f3n musical. El objetivo del proyecto es ampliar la carrera internacional de la artista y promover un intercambio cultural [&hellip;]<\/p>\n","protected":false},"author":7,"featured_media":20163,"comment_status":"closed","ping_status":"closed","sticky":false,"template":"","format":"standard","meta":{"footnotes":""},"categories":[53],"tags":[],"class_list":["post-20164","post","type-post","status-publish","format-standard","has-post-thumbnail","hentry","category-noticias-generales"],"lang":"es","translations":{"es":20164,"pt":20167},"pll_sync_post":[],"post_mailing_queue_ids":[],"_links":{"self":[{"href":"http:\/\/staging.ibermusicas.org\/index.php\/wp-json\/wp\/v2\/posts\/20164","targetHints":{"allow":["GET"]}}],"collection":[{"href":"http:\/\/staging.ibermusicas.org\/index.php\/wp-json\/wp\/v2\/posts"}],"about":[{"href":"http:\/\/staging.ibermusicas.org\/index.php\/wp-json\/wp\/v2\/types\/post"}],"author":[{"embeddable":true,"href":"http:\/\/staging.ibermusicas.org\/index.php\/wp-json\/wp\/v2\/users\/7"}],"replies":[{"embeddable":true,"href":"http:\/\/staging.ibermusicas.org\/index.php\/wp-json\/wp\/v2\/comments?post=20164"}],"version-history":[{"count":1,"href":"http:\/\/staging.ibermusicas.org\/index.php\/wp-json\/wp\/v2\/posts\/20164\/revisions"}],"predecessor-version":[{"id":20165,"href":"http:\/\/staging.ibermusicas.org\/index.php\/wp-json\/wp\/v2\/posts\/20164\/revisions\/20165"}],"wp:featuredmedia":[{"embeddable":true,"href":"http:\/\/staging.ibermusicas.org\/index.php\/wp-json\/wp\/v2\/media\/20163"}],"wp:attachment":[{"href":"http:\/\/staging.ibermusicas.org\/index.php\/wp-json\/wp\/v2\/media?parent=20164"}],"wp:term":[{"taxonomy":"category","embeddable":true,"href":"http:\/\/staging.ibermusicas.org\/index.php\/wp-json\/wp\/v2\/categories?post=20164"},{"taxonomy":"post_tag","embeddable":true,"href":"http:\/\/staging.ibermusicas.org\/index.php\/wp-json\/wp\/v2\/tags?post=20164"}],"curies":[{"name":"wp","href":"https:\/\/api.w.org\/{rel}","templated":true}]}}