{"id":20169,"date":"2024-09-12T20:13:46","date_gmt":"2024-09-12T20:13:46","guid":{"rendered":"http:\/\/staging.ibermusicas.org\/?p=20169"},"modified":"2024-09-30T13:59:29","modified_gmt":"2024-09-30T13:59:29","slug":"il-furore-de-mexico-vincent-touzet-de-francia-presentan-avec-le-privilege-du-roy-musica-instrumental-bajo-el-reinado-de-luis-xiv-y-luis-xv-en-el-festival-de-musica-antigua-de-lima","status":"publish","type":"post","link":"http:\/\/staging.ibermusicas.org\/index.php\/il-furore-de-mexico-vincent-touzet-de-francia-presentan-avec-le-privilege-du-roy-musica-instrumental-bajo-el-reinado-de-luis-xiv-y-luis-xv-en-el-festival-de-musica-antigua-de-lima\/","title":{"rendered":"Il Furore de M\u00e9xico &#038; Vincent Touzet de Francia presentan Avec le Privil\u00e9ge du Roy, m\u00fasica instrumental bajo el reinado de Luis XIV y Luis XV en el Festival de M\u00fasica Antigua de Lima"},"content":{"rendered":"<p>Il Furore es un ensamble hispano-mexicano especializado en la interpretaci\u00f3n y difusi\u00f3n de la m\u00fasica antigua. Conformado por Raquel Masmano en el viol\u00edn, Mario Salinas en la viola de gamba y Daniel Ortega al clavec\u00edn.<\/p>\n<p>&nbsp;<\/p>\n<p>El ensamble brinda una propuesta fresca para un repertorio poco conocido y ejecutado en M\u00e9xico. Gracias a su musicalidad y creatividad, il Furore logra evocar las sonoridades de la m\u00fasica de los siglos XVII y XVIII, a trav\u00e9s de un riguroso estudio de la m\u00fasica desde una perspectiva hist\u00f3ricamente informada (recurriendo a las fuentes hist\u00f3ricas, tratamiento ret\u00f3rico de la m\u00fasica, el estudio de los estilos nacionales y el uso de instrumentos hist\u00f3ricos con cuerdas de tripa).<\/p>\n<p>&nbsp;<\/p>\n<p>Desde su formaci\u00f3n en 2017, el ensamble se ha presentado en los principales foros nacionales (Festival de m\u00fasica antigua del CNA, Festival de m\u00fasica antigua de San Luis Potos\u00ed, Festival Alfaguara, Festival de m\u00fasica de c\u00e1mara de Quer\u00e9taro, Museo Nacional del Virreinato, Anfiteatro Sim\u00f3n Bol\u00edvar, Festival de m\u00fasica antigua de la UNAM), Festival Oaxaca Barroca, Instituto Cultural Hel\u00e9nico y ha realizado participaciones en Festivales fuera de la Rep\u00fablica (Festival Esteban Salas, Cuba) y Festival de M\u00fasica Sacra de Quito.<\/p>\n<p>&nbsp;<\/p>\n<p>Asimismo, el grupo ha tenido el privilegio de compartir escenario con algunos de los m\u00e1s destacados int\u00e9rpretes de la m\u00fasica antigua. Sus miembros compaginan su actividad concert\u00edstica con la docencia en algunas de las instituciones m\u00e1s prestigiosas del pa\u00eds y con la investigaci\u00f3n acad\u00e9mica.<\/p>\n<p>&nbsp;<\/p>\n<p>El proyecto de Il Furore ha sido ganador de las convocatorias 2023 del Programa Iberm\u00fasicas.<\/p>\n<p>&nbsp;<\/p>\n<ul>\n<li>Lunes 23 de septiembre y mi\u00e9rcoles 25 de septiembre: masterclasses en la sede principal de la Universidad Nacional de M\u00fasica de Per\u00fa<\/li>\n<li>Martes 24 de septiembre: concierto en el Festival Internacional de M\u00fasica Antigua de Lima, Per\u00fa<\/li>\n<li>Domingo 29 de septiembre: concierto en el 11\u00aa Festival Barroco Iberoamericano de Cusco, Per\u00fa<\/li>\n<\/ul>\n","protected":false},"excerpt":{"rendered":"<p>Il Furore es un ensamble hispano-mexicano especializado en la interpretaci\u00f3n y difusi\u00f3n de la m\u00fasica antigua. Conformado por Raquel Masmano en el viol\u00edn, Mario Salinas en la viola de gamba y Daniel Ortega al clavec\u00edn. &nbsp; El ensamble brinda una propuesta fresca para un repertorio poco conocido y ejecutado en M\u00e9xico. Gracias a su musicalidad [&hellip;]<\/p>\n","protected":false},"author":7,"featured_media":20170,"comment_status":"closed","ping_status":"closed","sticky":false,"template":"","format":"standard","meta":{"footnotes":""},"categories":[53],"tags":[],"class_list":["post-20169","post","type-post","status-publish","format-standard","has-post-thumbnail","hentry","category-noticias-generales"],"lang":"es","translations":{"es":20169,"pt":20172},"pll_sync_post":[],"post_mailing_queue_ids":[],"_links":{"self":[{"href":"http:\/\/staging.ibermusicas.org\/index.php\/wp-json\/wp\/v2\/posts\/20169","targetHints":{"allow":["GET"]}}],"collection":[{"href":"http:\/\/staging.ibermusicas.org\/index.php\/wp-json\/wp\/v2\/posts"}],"about":[{"href":"http:\/\/staging.ibermusicas.org\/index.php\/wp-json\/wp\/v2\/types\/post"}],"author":[{"embeddable":true,"href":"http:\/\/staging.ibermusicas.org\/index.php\/wp-json\/wp\/v2\/users\/7"}],"replies":[{"embeddable":true,"href":"http:\/\/staging.ibermusicas.org\/index.php\/wp-json\/wp\/v2\/comments?post=20169"}],"version-history":[{"count":1,"href":"http:\/\/staging.ibermusicas.org\/index.php\/wp-json\/wp\/v2\/posts\/20169\/revisions"}],"predecessor-version":[{"id":20171,"href":"http:\/\/staging.ibermusicas.org\/index.php\/wp-json\/wp\/v2\/posts\/20169\/revisions\/20171"}],"wp:featuredmedia":[{"embeddable":true,"href":"http:\/\/staging.ibermusicas.org\/index.php\/wp-json\/wp\/v2\/media\/20170"}],"wp:attachment":[{"href":"http:\/\/staging.ibermusicas.org\/index.php\/wp-json\/wp\/v2\/media?parent=20169"}],"wp:term":[{"taxonomy":"category","embeddable":true,"href":"http:\/\/staging.ibermusicas.org\/index.php\/wp-json\/wp\/v2\/categories?post=20169"},{"taxonomy":"post_tag","embeddable":true,"href":"http:\/\/staging.ibermusicas.org\/index.php\/wp-json\/wp\/v2\/tags?post=20169"}],"curies":[{"name":"wp","href":"https:\/\/api.w.org\/{rel}","templated":true}]}}