{"id":20172,"date":"2024-09-12T20:14:54","date_gmt":"2024-09-12T20:14:54","guid":{"rendered":"http:\/\/staging.ibermusicas.org\/?p=20172"},"modified":"2024-09-30T13:44:03","modified_gmt":"2024-09-30T13:44:03","slug":"il-furore-do-mexico-e-vincent-touzet-de-franca-apresentam-avec-le-privilege-du-roy-musica-instrumental-sob-o-reinado-de-luis-xiv-e-luis-xv-no-festival-de-musica-antiga-de-lima","status":"publish","type":"post","link":"http:\/\/staging.ibermusicas.org\/index.php\/il-furore-do-mexico-e-vincent-touzet-de-franca-apresentam-avec-le-privilege-du-roy-musica-instrumental-sob-o-reinado-de-luis-xiv-e-luis-xv-no-festival-de-musica-antiga-de-lima\/","title":{"rendered":"Il Furore do M\u00e9xico e Vincent Touzet de Fran\u00e7a apresentam Avec le Privil\u00e9ge du Roy, m\u00fasica instrumental sob o reinado de Lu\u00eds XIV e Lu\u00eds XV no Festival de M\u00fasica Antiga de Lima"},"content":{"rendered":"<p>Il Furore \u00e9 um agrupamento hispano-mexicano especializado na execu\u00e7\u00e3o e divulga\u00e7\u00e3o da m\u00fasica antiga. \u00c9 formado por Raquel Masmano no violino, Mario Salinas na viola da gamba e Daniel Ortega no cravo.<\/p>\n<p>&nbsp;<\/p>\n<p>O conjunto oferece uma nova abordagem a um repert\u00f3rio pouco conhecido e executado no M\u00e9xico. Gra\u00e7as \u00e0 sua musicalidade e criatividade, il Furore consegue evocar as sonoridades da m\u00fasica dos s\u00e9culos XVII e XVIII, atrav\u00e9s de um estudo rigoroso da m\u00fasica numa perspetiva historicamente informada (recorrendo a fontes hist\u00f3ricas, tratamento ret\u00f3rico da m\u00fasica, estudo de estilos nacionais e utiliza\u00e7\u00e3o de instrumentos hist\u00f3ricos com cordas de tripa).<\/p>\n<p>&nbsp;<\/p>\n<p>Desde a sua forma\u00e7\u00e3o em 2017, o ensemble apresentou-se nos principais f\u00f3runs nacionais (Festival de m\u00fasica antigua del CNA, Festival de m\u00fasica antigua de San Luis Potos\u00ed, Festival Alfaguara, Festival de m\u00fasica de c\u00e1mara de Quer\u00e9taro, Museo Nacional del Virreinato, Anfiteatro Sim\u00f3n Bol\u00edvar, Festival de m\u00fasica antigua de la UNAM), Festival Oaxaca Barroca, Instituto Cultural Hel\u00e9nico e participou em Festivais fora da Rep\u00fablica (Festival Esteban Salas, Cuba) e Festival de M\u00fasica Sacra de Quito.<\/p>\n<p>&nbsp;<\/p>\n<p>O grupo teve tamb\u00e9m o privil\u00e9gio de partilhar o palco com alguns dos mais destacados int\u00e9rpretes de m\u00fasica antiga. Os seus membros conciliam a sua actividade concertista com a doc\u00eancia em algumas das mais prestigiadas institui\u00e7\u00f5es do pa\u00eds e com a investiga\u00e7\u00e3o acad\u00e9mica.<\/p>\n<p>&nbsp;<\/p>\n<p>O projeto do Il Furore venceu as convocat\u00f3rias 2023 do Programa Iberm\u00fasicas.<\/p>\n<p>&nbsp;<\/p>\n<ul>\n<li>Segunda-feira 23 de setembro e quarta-feira 25 de setembro: masterclasses na sede da Universidade Nacional de M\u00fasica do Peru<\/li>\n<li>Ter\u00e7a-feira 24 de setembro: concerto no Festival Internacional de M\u00fasica Antiga em Lima, Peru<\/li>\n<li>Domingo, 29 de setembro: concerto no 11\u00ba Festival Barroco Ibero-Americano em Cusco, Peru<\/li>\n<\/ul>\n","protected":false},"excerpt":{"rendered":"<p>Il Furore \u00e9 um agrupamento hispano-mexicano especializado na execu\u00e7\u00e3o e divulga\u00e7\u00e3o da m\u00fasica antiga. \u00c9 formado por Raquel Masmano no violino, Mario Salinas na viola da gamba e Daniel Ortega no cravo. &nbsp; O conjunto oferece uma nova abordagem a um repert\u00f3rio pouco conhecido e executado no M\u00e9xico. Gra\u00e7as \u00e0 sua musicalidade e criatividade, il [&hellip;]<\/p>\n","protected":false},"author":7,"featured_media":20170,"comment_status":"closed","ping_status":"closed","sticky":false,"template":"","format":"standard","meta":{"footnotes":""},"categories":[218],"tags":[],"class_list":["post-20172","post","type-post","status-publish","format-standard","has-post-thumbnail","hentry","category-noticias-generales-pt"],"lang":"pt","translations":{"pt":20172,"es":20169},"pll_sync_post":[],"post_mailing_queue_ids":[],"_links":{"self":[{"href":"http:\/\/staging.ibermusicas.org\/index.php\/wp-json\/wp\/v2\/posts\/20172","targetHints":{"allow":["GET"]}}],"collection":[{"href":"http:\/\/staging.ibermusicas.org\/index.php\/wp-json\/wp\/v2\/posts"}],"about":[{"href":"http:\/\/staging.ibermusicas.org\/index.php\/wp-json\/wp\/v2\/types\/post"}],"author":[{"embeddable":true,"href":"http:\/\/staging.ibermusicas.org\/index.php\/wp-json\/wp\/v2\/users\/7"}],"replies":[{"embeddable":true,"href":"http:\/\/staging.ibermusicas.org\/index.php\/wp-json\/wp\/v2\/comments?post=20172"}],"version-history":[{"count":1,"href":"http:\/\/staging.ibermusicas.org\/index.php\/wp-json\/wp\/v2\/posts\/20172\/revisions"}],"predecessor-version":[{"id":20173,"href":"http:\/\/staging.ibermusicas.org\/index.php\/wp-json\/wp\/v2\/posts\/20172\/revisions\/20173"}],"wp:featuredmedia":[{"embeddable":true,"href":"http:\/\/staging.ibermusicas.org\/index.php\/wp-json\/wp\/v2\/media\/20170"}],"wp:attachment":[{"href":"http:\/\/staging.ibermusicas.org\/index.php\/wp-json\/wp\/v2\/media?parent=20172"}],"wp:term":[{"taxonomy":"category","embeddable":true,"href":"http:\/\/staging.ibermusicas.org\/index.php\/wp-json\/wp\/v2\/categories?post=20172"},{"taxonomy":"post_tag","embeddable":true,"href":"http:\/\/staging.ibermusicas.org\/index.php\/wp-json\/wp\/v2\/tags?post=20172"}],"curies":[{"name":"wp","href":"https:\/\/api.w.org\/{rel}","templated":true}]}}