{"id":20174,"date":"2024-09-12T20:16:04","date_gmt":"2024-09-12T20:16:04","guid":{"rendered":"http:\/\/staging.ibermusicas.org\/?p=20174"},"modified":"2024-09-30T13:59:21","modified_gmt":"2024-09-30T13:59:21","slug":"el-festival-visiones-sonoras-del-cmmas-centro-mexicano-para-la-musica-y-las-artes-sonoras-celebra-sus-veinte-anos","status":"publish","type":"post","link":"http:\/\/staging.ibermusicas.org\/index.php\/el-festival-visiones-sonoras-del-cmmas-centro-mexicano-para-la-musica-y-las-artes-sonoras-celebra-sus-veinte-anos\/","title":{"rendered":"El Festival Visiones Sonoras del CMMAS (Centro Mexicano para la M\u00fasica y las Artes Sonoras) celebra sus veinte a\u00f1os"},"content":{"rendered":"<p>El festival Visiones Sonoras se celebra anualmente desde 2005 en Morelia, Michoac\u00e1n, M\u00e9xico y se enfoca en expresiones art\u00edsticas que incluyan nuevas tecnolog\u00edas como parte primordial de su creaci\u00f3n, ofreciendo al p\u00fablico asistente propuestas con una visi\u00f3n actual de lo que est\u00e1 sucediendo globalmente en el \u00e1mbito de la m\u00fasica, el sonido y las nuevas tecnolog\u00edas. El CMMAS, Visiones Sonoras e Iberm\u00fasicas se unen en un evento especial en torno a la figura del gran compositor Javier \u00c1lvarez. Ser\u00e1 el XX aniversario del Festival Internacional de M\u00fasica y Nuevas Tecnolog\u00edas y la conmemoraci\u00f3n de 10 a\u00f1os de colaboraci\u00f3n entre Iberm\u00fasicas y CMMAS.<\/p>\n<p>&nbsp;<\/p>\n<p>El Centro Mexicano para la M\u00fasica y las Artes Sonoras CMMAS presenta una propuesta curatorial a cargo De Francisco Colasanto, que recopila una selecci\u00f3n diversa de las obras musicales creadas durante una d\u00e9cada de colaboraci\u00f3n entre el CMMAS e Iberm\u00fasicas, la cual ser\u00e1 presentada en modalidad presencial durante el vig\u00e9simo aniversario del Festival de M\u00fasica y Nuevas Tecnolog\u00edas \u201cVisiones Sonoras\u201d.<\/p>\n<p>&nbsp;<\/p>\n<p>La programaci\u00f3n del festival incluir\u00e1 obras de compositoras y compositores premiados por Iberm\u00fasicas para creaci\u00f3n en residencias: Jo\u00e3o Pedro Oliveira (2014), Mario Mary (2015), Francisco Colasanto (2015),\u00a0 Daniel Schachter (2016), Pablo Di Liscia (2017), Alejandro Cardona (2017) y Nicol\u00e1s Varchausky (2018)<\/p>\n<p>&nbsp;<\/p>\n<p>&nbsp;<\/p>\n<ul>\n<li>Del 24 al 28 de septiembre, actividades acad\u00e9micas a las 10h y conciertos a las 20h en el auditorio principal del Centro Mexicano para la M\u00fasica y las Artes Sonoras. Morelos Norte 485 1er piso (Casa de la Cultura de Morelia)<\/li>\n<\/ul>\n","protected":false},"excerpt":{"rendered":"<p>El festival Visiones Sonoras se celebra anualmente desde 2005 en Morelia, Michoac\u00e1n, M\u00e9xico y se enfoca en expresiones art\u00edsticas que incluyan nuevas tecnolog\u00edas como parte primordial de su creaci\u00f3n, ofreciendo al p\u00fablico asistente propuestas con una visi\u00f3n actual de lo que est\u00e1 sucediendo globalmente en el \u00e1mbito de la m\u00fasica, el sonido y las nuevas [&hellip;]<\/p>\n","protected":false},"author":7,"featured_media":20175,"comment_status":"closed","ping_status":"closed","sticky":false,"template":"","format":"standard","meta":{"footnotes":""},"categories":[53],"tags":[],"class_list":["post-20174","post","type-post","status-publish","format-standard","has-post-thumbnail","hentry","category-noticias-generales"],"lang":"es","translations":{"es":20174,"pt":20177},"pll_sync_post":[],"post_mailing_queue_ids":[],"_links":{"self":[{"href":"http:\/\/staging.ibermusicas.org\/index.php\/wp-json\/wp\/v2\/posts\/20174","targetHints":{"allow":["GET"]}}],"collection":[{"href":"http:\/\/staging.ibermusicas.org\/index.php\/wp-json\/wp\/v2\/posts"}],"about":[{"href":"http:\/\/staging.ibermusicas.org\/index.php\/wp-json\/wp\/v2\/types\/post"}],"author":[{"embeddable":true,"href":"http:\/\/staging.ibermusicas.org\/index.php\/wp-json\/wp\/v2\/users\/7"}],"replies":[{"embeddable":true,"href":"http:\/\/staging.ibermusicas.org\/index.php\/wp-json\/wp\/v2\/comments?post=20174"}],"version-history":[{"count":1,"href":"http:\/\/staging.ibermusicas.org\/index.php\/wp-json\/wp\/v2\/posts\/20174\/revisions"}],"predecessor-version":[{"id":20176,"href":"http:\/\/staging.ibermusicas.org\/index.php\/wp-json\/wp\/v2\/posts\/20174\/revisions\/20176"}],"wp:featuredmedia":[{"embeddable":true,"href":"http:\/\/staging.ibermusicas.org\/index.php\/wp-json\/wp\/v2\/media\/20175"}],"wp:attachment":[{"href":"http:\/\/staging.ibermusicas.org\/index.php\/wp-json\/wp\/v2\/media?parent=20174"}],"wp:term":[{"taxonomy":"category","embeddable":true,"href":"http:\/\/staging.ibermusicas.org\/index.php\/wp-json\/wp\/v2\/categories?post=20174"},{"taxonomy":"post_tag","embeddable":true,"href":"http:\/\/staging.ibermusicas.org\/index.php\/wp-json\/wp\/v2\/tags?post=20174"}],"curies":[{"name":"wp","href":"https:\/\/api.w.org\/{rel}","templated":true}]}}