{"id":20177,"date":"2024-09-12T20:17:11","date_gmt":"2024-09-12T20:17:11","guid":{"rendered":"http:\/\/staging.ibermusicas.org\/?p=20177"},"modified":"2024-09-30T13:44:10","modified_gmt":"2024-09-30T13:44:10","slug":"o-festival-visiones-sonoras-do-cmmas-centro-mexicano-para-a-musica-e-as-artes-sonoras-celebra-o-seu-vigesimo-aniversario","status":"publish","type":"post","link":"http:\/\/staging.ibermusicas.org\/index.php\/o-festival-visiones-sonoras-do-cmmas-centro-mexicano-para-a-musica-e-as-artes-sonoras-celebra-o-seu-vigesimo-aniversario\/","title":{"rendered":"O Festival Visiones Sonoras do CMMAS (Centro Mexicano para a M\u00fasica e as Artes Sonoras) celebra o seu vig\u00e9simo anivers\u00e1rio"},"content":{"rendered":"<p>O festival Visiones Sonoras realiza-se anualmente desde 2005 em Morelia, Michoac\u00e1n, M\u00e9xico, e centra-se em express\u00f5es art\u00edsticas que incluem as novas tecnologias como parte fundamental da sua cria\u00e7\u00e3o, oferecendo ao p\u00fablico propostas com uma vis\u00e3o atual do que est\u00e1 a acontecer globalmente no campo da m\u00fasica, do som e das novas tecnologias. O CMMAS, Visiones Sonoras e Iberm\u00fasicas unem-se num evento especial em torno da figura do grande compositor Javier \u00c1lvarez. Ser\u00e1 o 20\u00ba anivers\u00e1rio do Festival Internacional de M\u00fasica e Novas Tecnologias e a comemora\u00e7\u00e3o de 10 anos de colabora\u00e7\u00e3o entre o Iberm\u00fasicas e o CMMAS.<\/p>\n<p>&nbsp;<\/p>\n<p>O Centro Mexicano para a M\u00fasica e as Artes Sonoras CMMAS apresenta uma proposta curatorial de Francisco Colasanto, que compila uma sele\u00e7\u00e3o diversificada de obras musicais criadas durante uma d\u00e9cada de colabora\u00e7\u00e3o entre o CMMAS e Iberm\u00fasicas, que ser\u00e3o apresentadas durante o 20\u00ba anivers\u00e1rio do Festival de M\u00fasica e Novas Tecnologias \u201cVisiones Sonoras\u201d.<\/p>\n<p>&nbsp;<\/p>\n<p>A programa\u00e7\u00e3o do festival incluir\u00e1 obras de compositores premiados pelo Iberm\u00fasicas para cria\u00e7\u00e3o em resid\u00eancia: Jo\u00e3o Pedro Oliveira (2014), Mario Mary (2015), Francisco Colasanto (2015), Daniel Schachter (2016), Pablo Di Liscia (2017), Alejandro Cardona (2017) e Nicol\u00e1s Varchausky (2018).<\/p>\n<p>&nbsp;<\/p>\n<ul>\n<li>De 24 a 28 de setembro, actividades acad\u00e9micas \u00e0s 10h00 e concertos \u00e0s 20h00 no audit\u00f3rio principal do Centro Mexicano para a M\u00fasica e as Artes Sonoras. Morelos Norte 485 1\u00ba andar (Casa de la Cultura de Morelia)<\/li>\n<\/ul>\n","protected":false},"excerpt":{"rendered":"<p>O festival Visiones Sonoras realiza-se anualmente desde 2005 em Morelia, Michoac\u00e1n, M\u00e9xico, e centra-se em express\u00f5es art\u00edsticas que incluem as novas tecnologias como parte fundamental da sua cria\u00e7\u00e3o, oferecendo ao p\u00fablico propostas com uma vis\u00e3o atual do que est\u00e1 a acontecer globalmente no campo da m\u00fasica, do som e das novas tecnologias. O CMMAS, Visiones [&hellip;]<\/p>\n","protected":false},"author":7,"featured_media":20175,"comment_status":"closed","ping_status":"closed","sticky":false,"template":"","format":"standard","meta":{"footnotes":""},"categories":[218],"tags":[],"class_list":["post-20177","post","type-post","status-publish","format-standard","has-post-thumbnail","hentry","category-noticias-generales-pt"],"lang":"pt","translations":{"pt":20177,"es":20174},"pll_sync_post":[],"post_mailing_queue_ids":[],"_links":{"self":[{"href":"http:\/\/staging.ibermusicas.org\/index.php\/wp-json\/wp\/v2\/posts\/20177","targetHints":{"allow":["GET"]}}],"collection":[{"href":"http:\/\/staging.ibermusicas.org\/index.php\/wp-json\/wp\/v2\/posts"}],"about":[{"href":"http:\/\/staging.ibermusicas.org\/index.php\/wp-json\/wp\/v2\/types\/post"}],"author":[{"embeddable":true,"href":"http:\/\/staging.ibermusicas.org\/index.php\/wp-json\/wp\/v2\/users\/7"}],"replies":[{"embeddable":true,"href":"http:\/\/staging.ibermusicas.org\/index.php\/wp-json\/wp\/v2\/comments?post=20177"}],"version-history":[{"count":1,"href":"http:\/\/staging.ibermusicas.org\/index.php\/wp-json\/wp\/v2\/posts\/20177\/revisions"}],"predecessor-version":[{"id":20178,"href":"http:\/\/staging.ibermusicas.org\/index.php\/wp-json\/wp\/v2\/posts\/20177\/revisions\/20178"}],"wp:featuredmedia":[{"embeddable":true,"href":"http:\/\/staging.ibermusicas.org\/index.php\/wp-json\/wp\/v2\/media\/20175"}],"wp:attachment":[{"href":"http:\/\/staging.ibermusicas.org\/index.php\/wp-json\/wp\/v2\/media?parent=20177"}],"wp:term":[{"taxonomy":"category","embeddable":true,"href":"http:\/\/staging.ibermusicas.org\/index.php\/wp-json\/wp\/v2\/categories?post=20177"},{"taxonomy":"post_tag","embeddable":true,"href":"http:\/\/staging.ibermusicas.org\/index.php\/wp-json\/wp\/v2\/tags?post=20177"}],"curies":[{"name":"wp","href":"https:\/\/api.w.org\/{rel}","templated":true}]}}