{"id":20179,"date":"2024-09-12T20:18:19","date_gmt":"2024-09-12T20:18:19","guid":{"rendered":"http:\/\/staging.ibermusicas.org\/?p=20179"},"modified":"2024-09-30T13:59:14","modified_gmt":"2024-09-30T13:59:14","slug":"el-compositor-argentino-alexis-perepelycia-presenta-interfaces-etereas-en-espana","status":"publish","type":"post","link":"http:\/\/staging.ibermusicas.org\/index.php\/el-compositor-argentino-alexis-perepelycia-presenta-interfaces-etereas-en-espana\/","title":{"rendered":"El compositor argentino Alexis Perepelycia presenta Interfaces Et\u00e9reas en Espa\u00f1a"},"content":{"rendered":"<p>El proyecto Interfaces Et\u00e9reas busca participar al p\u00fablico de la puesta en escena del proceso de creaci\u00f3n sonora: un sonido que se define autopoi\u00e9ticamente, una experiencia en la que cada participante ser\u00e1 causante del resultado sonoro.<\/p>\n<p>Alexis Perepelycia particip\u00f3 en muestras y festivales en Alemania, Argentina, Austria, Brasil, Canad\u00e1, Chile, China, Espa\u00f1a, Estados Unidos, Francia, Irlanda del Norte, Italia, Inglaterra, M\u00e9xico, Per\u00fa y Portugal.<\/p>\n<p>Public\u00f3 obras en VoxNovus, Gebr\u00fcder Stark Musikverlag, New Adventures in Sonic Arts, StigmArt, mediaartbase, Dreamland Recordings, Earphone, Asociaci\u00f3n de Ac\u00fastica de Uruguay, Rara Avis, 0 POSITIVX, all free! Records, Sudam\u00e9rica Electr\u00f3nica, Homeless &#8211; Low Fi, Rata Sorda, Creative Sources, Nendo Dango, Unespar.<\/p>\n<p>Obtuvo premios y menciones en XII Festival Florian\u00f3polis Audiovisual Mercosur 2008, Just Plain Folks Music Awards 2009, Festival Lationamericano de Cine Rosario 2016, LOM.audio 2023, Iberm\u00fasicas 2023.<\/p>\n<p>Obtuvo becas y subsidios de Stockhausen Foundation, Archivio Luigi Nono, Universidad Pompeu Fabra, Department of Employement and Learning, Fondo Nacional de las Artes, Instituto Nacional de Teatro, Ministerio de Innovaci\u00f3n y Cultura de la Provincia de Santa Fe, Ministerio de Cultura de la Provincia de Chaco, Instituto Nacional de M\u00fasica.<\/p>\n<p>Trabaja como artista free-lance en su estudio-taller, y como docente e investigador en la Universidad Nacional de Rosario y la Universidad Nacional de las Artes en Buenos Aires.<\/p>\n<p>&nbsp;<\/p>\n<p>Este proyecto de la instituci\u00f3n CRUCE \u2013 Arte y Pensamiento Contempor\u00e1neo de Espa\u00f1a, cuenta con el apoyo de Iberm\u00fasicas mediante sus Ayudas a Instituciones para Residencias Art\u00edsticas, convocatoria 2023.<\/p>\n<p>&nbsp;<\/p>\n<p>&nbsp;<\/p>\n<ul>\n<li>S\u00e1bado 21 de septiembre 20h30: Cruce \u2013 arte y pensamiento contempora\u0301neo, Calle del Dr. Fourquet, 5 28012, Madrid, Espa\u00f1a<\/li>\n<\/ul>\n","protected":false},"excerpt":{"rendered":"<p>El proyecto Interfaces Et\u00e9reas busca participar al p\u00fablico de la puesta en escena del proceso de creaci\u00f3n sonora: un sonido que se define autopoi\u00e9ticamente, una experiencia en la que cada participante ser\u00e1 causante del resultado sonoro. Alexis Perepelycia particip\u00f3 en muestras y festivales en Alemania, Argentina, Austria, Brasil, Canad\u00e1, Chile, China, Espa\u00f1a, Estados Unidos, Francia, [&hellip;]<\/p>\n","protected":false},"author":7,"featured_media":20180,"comment_status":"closed","ping_status":"closed","sticky":false,"template":"","format":"standard","meta":{"footnotes":""},"categories":[53],"tags":[],"class_list":["post-20179","post","type-post","status-publish","format-standard","has-post-thumbnail","hentry","category-noticias-generales"],"lang":"es","translations":{"es":20179,"pt":20182},"pll_sync_post":[],"post_mailing_queue_ids":[],"_links":{"self":[{"href":"http:\/\/staging.ibermusicas.org\/index.php\/wp-json\/wp\/v2\/posts\/20179","targetHints":{"allow":["GET"]}}],"collection":[{"href":"http:\/\/staging.ibermusicas.org\/index.php\/wp-json\/wp\/v2\/posts"}],"about":[{"href":"http:\/\/staging.ibermusicas.org\/index.php\/wp-json\/wp\/v2\/types\/post"}],"author":[{"embeddable":true,"href":"http:\/\/staging.ibermusicas.org\/index.php\/wp-json\/wp\/v2\/users\/7"}],"replies":[{"embeddable":true,"href":"http:\/\/staging.ibermusicas.org\/index.php\/wp-json\/wp\/v2\/comments?post=20179"}],"version-history":[{"count":1,"href":"http:\/\/staging.ibermusicas.org\/index.php\/wp-json\/wp\/v2\/posts\/20179\/revisions"}],"predecessor-version":[{"id":20181,"href":"http:\/\/staging.ibermusicas.org\/index.php\/wp-json\/wp\/v2\/posts\/20179\/revisions\/20181"}],"wp:featuredmedia":[{"embeddable":true,"href":"http:\/\/staging.ibermusicas.org\/index.php\/wp-json\/wp\/v2\/media\/20180"}],"wp:attachment":[{"href":"http:\/\/staging.ibermusicas.org\/index.php\/wp-json\/wp\/v2\/media?parent=20179"}],"wp:term":[{"taxonomy":"category","embeddable":true,"href":"http:\/\/staging.ibermusicas.org\/index.php\/wp-json\/wp\/v2\/categories?post=20179"},{"taxonomy":"post_tag","embeddable":true,"href":"http:\/\/staging.ibermusicas.org\/index.php\/wp-json\/wp\/v2\/tags?post=20179"}],"curies":[{"name":"wp","href":"https:\/\/api.w.org\/{rel}","templated":true}]}}