{"id":20184,"date":"2024-09-12T20:20:15","date_gmt":"2024-09-12T20:20:15","guid":{"rendered":"http:\/\/staging.ibermusicas.org\/?p=20184"},"modified":"2024-09-30T13:59:07","modified_gmt":"2024-09-30T13:59:07","slug":"la-compositora-argentina-maria-suarez-presenta-laboramusic-en-colaboracion-con-la-universidad-de-alicante-estancia-investigadora-y-artistica-con-fines-sociales-y-educativos","status":"publish","type":"post","link":"http:\/\/staging.ibermusicas.org\/index.php\/la-compositora-argentina-maria-suarez-presenta-laboramusic-en-colaboracion-con-la-universidad-de-alicante-estancia-investigadora-y-artistica-con-fines-sociales-y-educativos\/","title":{"rendered":"La compositora argentina Mar\u00eda Su\u00e1rez presenta Laboramusic en colaboraci\u00f3n con la Universidad de Alicante, estancia investigadora y art\u00edstica con fines sociales y educativos"},"content":{"rendered":"<p>Compositora, guitarrista, cantante y docente nacida en la ciudad de La Plata, Buenos Aires, Argentina. Integrante del FADEC (Foro Argentino de Compositoras) y la AAC (Asociaci\u00f3n Argentina de Compositores). Arreglista de la OFRN (Orq. Filarm\u00f3nica de R\u00edo Negro). Formada en guitarra cl\u00e1sica en el Conservatorio de M\u00fasica Gilardo Gilardi y en el Bachillerato de Bellas Artes de la ciudad de La Plata egresando con el t\u00edtulo de instrumentista. Profesora en Composici\u00f3n Musical egresada de la Facultad de Bellas Artes (Universidad Nacional de La Plata).<\/p>\n<p>&nbsp;<\/p>\n<p>Es una de las compositoras emergentes con mayor proyecci\u00f3n en el \u00e1mbito argentino y latinoamericano. Su est\u00e9tica re\u00fane lenguajes de tradici\u00f3n y actualidad con una mirada que combina la m\u00fasica acad\u00e9mica (romanticismo, impresionismo y contempor\u00e1neo) con matices y evocaciones del jazz, el tango y las ra\u00edces folcl\u00f3ricas. Existe en sus composiciones una permanente b\u00fasqueda de la autenticidad e intensidad y un enorme compromiso con el mensaje que lleva la obra a la comunidad.<\/p>\n<p>&nbsp;<\/p>\n<p>Ha escrito piezas solistas, m\u00fasica de c\u00e1mara, obras sinf\u00f3nicas, corales y \u00f3peras, ciclos de canciones y m\u00fasicas originales por encargo. Sus obras son comisionadas por prestigiosas orquestas de Argentina, entre ellas la Orquesta Filarm\u00f3nica de R\u00edo Negro y la Orquesta de M\u00fasica Argentina \u201cJuan de Dios Filiberto\u201d.<\/p>\n<p>&nbsp;<\/p>\n<p>Recibi\u00f3 el Primer Premio \u201cCompositoras Iberoamericanas 2020\u201d del organismo Iberorquestas por su obra sinf\u00f3nica \u2013 coral \u201cKushe Papai\u201d en homenaje a las abuelas de la comunidad Mapuche, premio que le fue otorgado por el Ministro de Cultura de la Naci\u00f3n Trist\u00e1n Bauer.<\/p>\n<p>&nbsp;<\/p>\n<p>Desde el a\u00f1o 2020 integra \u201cAlmasonora\u201d junto a la arpista Mara Diniello, proyecto colaborativo entre compositora e int\u00e9rprete con el cual se desarrolla repertorio para el arpa argentina en todos sus formatos (solista, c\u00e1mara y concertante).<\/p>\n<p>&nbsp;<\/p>\n<p>Con casi 30 a\u00f1os de experiencia en la ense\u00f1anza musical de los diferentes niveles de formaci\u00f3n, ejerce como profesora en la Escuela Superior de M\u00fasica de Neuqu\u00e9n desde hace 13 a\u00f1os en las c\u00e1tedras de Proyectos de Composici\u00f3n Musical, Elementos del An\u00e1lisis Musical, Orquestaci\u00f3n y Arreglos Vocales. Dicta Master Class sobre Composici\u00f3n en importantes instituciones, entre ellas la Universidad Nacional de las Artes en sus proyectos de extensi\u00f3n universitaria, Formaciones de Posgrado Internacional CUPIIA, Semana del Arpa en Buenos Aires y el Festival Internacional de Occitanie (Francia). Ha dictado talleres vocacionales de Cantos Colectivos y Composici\u00f3n de Canciones de manera constante desde sus inicios como docente.<\/p>\n<p>&nbsp;<\/p>\n<p>Esta residencia de Mar\u00eda Su\u00e1rez en Espa\u00f1a es posible gracias al apoyo de Iberm\u00fasicas.<\/p>\n<p>&nbsp;<\/p>\n<ul>\n<li>23 de septiembre, 19h: conferencia musicalizada sobre m\u00fasicas de ida y vuelta: Una hibridaci\u00f3n inclusiva en Sede Universitaria de la Ciudad de Alicante, Espa\u00f1a<\/li>\n<li>30 de septiembre, 12h: Master Class sobre t\u00e9cnicas instrumentales en el Museo de M\u00fasica \u00c9tnica de Busot, Espa\u00f1a<\/li>\n<li>Del 7 al 28 de octubre de 17h a 19h: talleres de canto colectivo y de composici\u00f3n de canciones en Edificio de Ciencias Sociales de la Universidad de Alicante, Espa\u00f1a<\/li>\n<li>Del 4 al 18 de noviembre, 12h: adaptaci\u00f3n de org\u00e1nico orquestal a instrumentos aut\u00f3ctonos: taller de ejecuci\u00f3n y concierto did\u00e1ctico de pr\u00e1cticas en el Museo de M\u00fasica \u00c9tnica de Busot, Espa\u00f1a<\/li>\n<li>El 25 de noviembre, 18h: Conversatorio: \u201cLa m\u00fasica como hecho social\u201d, en el Edificio de Ciencias Sociales de la Universidad de Alicante, Espa\u00f1a<\/li>\n<li>Del 2 al 9 de diciembre, 17h a 19h: adaptaci\u00f3n de org\u00e1nico orquestal a instrumentos aut\u00f3ctonos en el Museo de la Universidad de Alicante, Espa\u00f1a<\/li>\n<li>16 de diciembre, 18h: concierto navide\u00f1o solidario en la Sede Universitaria de la Ciudad de Alicante, Espa\u00f1a<\/li>\n<li>6 de enero taller de cantos colectivos en Instituto de estudios Sociales de Am\u00e9rica Latia de la Universidad de Alicante, Espa\u00f1a<\/li>\n<\/ul>\n","protected":false},"excerpt":{"rendered":"<p>Compositora, guitarrista, cantante y docente nacida en la ciudad de La Plata, Buenos Aires, Argentina. Integrante del FADEC (Foro Argentino de Compositoras) y la AAC (Asociaci\u00f3n Argentina de Compositores). Arreglista de la OFRN (Orq. Filarm\u00f3nica de R\u00edo Negro). Formada en guitarra cl\u00e1sica en el Conservatorio de M\u00fasica Gilardo Gilardi y en el Bachillerato de Bellas [&hellip;]<\/p>\n","protected":false},"author":7,"featured_media":20185,"comment_status":"closed","ping_status":"closed","sticky":false,"template":"","format":"standard","meta":{"footnotes":""},"categories":[53],"tags":[],"class_list":["post-20184","post","type-post","status-publish","format-standard","has-post-thumbnail","hentry","category-noticias-generales"],"lang":"es","translations":{"es":20184,"pt":20187},"pll_sync_post":[],"post_mailing_queue_ids":[],"_links":{"self":[{"href":"http:\/\/staging.ibermusicas.org\/index.php\/wp-json\/wp\/v2\/posts\/20184","targetHints":{"allow":["GET"]}}],"collection":[{"href":"http:\/\/staging.ibermusicas.org\/index.php\/wp-json\/wp\/v2\/posts"}],"about":[{"href":"http:\/\/staging.ibermusicas.org\/index.php\/wp-json\/wp\/v2\/types\/post"}],"author":[{"embeddable":true,"href":"http:\/\/staging.ibermusicas.org\/index.php\/wp-json\/wp\/v2\/users\/7"}],"replies":[{"embeddable":true,"href":"http:\/\/staging.ibermusicas.org\/index.php\/wp-json\/wp\/v2\/comments?post=20184"}],"version-history":[{"count":1,"href":"http:\/\/staging.ibermusicas.org\/index.php\/wp-json\/wp\/v2\/posts\/20184\/revisions"}],"predecessor-version":[{"id":20186,"href":"http:\/\/staging.ibermusicas.org\/index.php\/wp-json\/wp\/v2\/posts\/20184\/revisions\/20186"}],"wp:featuredmedia":[{"embeddable":true,"href":"http:\/\/staging.ibermusicas.org\/index.php\/wp-json\/wp\/v2\/media\/20185"}],"wp:attachment":[{"href":"http:\/\/staging.ibermusicas.org\/index.php\/wp-json\/wp\/v2\/media?parent=20184"}],"wp:term":[{"taxonomy":"category","embeddable":true,"href":"http:\/\/staging.ibermusicas.org\/index.php\/wp-json\/wp\/v2\/categories?post=20184"},{"taxonomy":"post_tag","embeddable":true,"href":"http:\/\/staging.ibermusicas.org\/index.php\/wp-json\/wp\/v2\/tags?post=20184"}],"curies":[{"name":"wp","href":"https:\/\/api.w.org\/{rel}","templated":true}]}}