{"id":20187,"date":"2024-09-12T20:21:26","date_gmt":"2024-09-12T20:21:26","guid":{"rendered":"http:\/\/staging.ibermusicas.org\/?p=20187"},"modified":"2024-09-30T13:43:45","modified_gmt":"2024-09-30T13:43:45","slug":"a-compositora-argentina-maria-suarez-apresenta-laboramusic-em-colaboracao-com-a-universidade-de-alicante-uma-estadia-artistica-e-de-investigacao-com-fins-sociais-e-educativos","status":"publish","type":"post","link":"http:\/\/staging.ibermusicas.org\/index.php\/a-compositora-argentina-maria-suarez-apresenta-laboramusic-em-colaboracao-com-a-universidade-de-alicante-uma-estadia-artistica-e-de-investigacao-com-fins-sociais-e-educativos\/","title":{"rendered":"A compositora argentina Mar\u00eda Su\u00e1rez apresenta Laboramusic em colabora\u00e7\u00e3o com a Universidade de Alicante, uma estadia art\u00edstica e de investiga\u00e7\u00e3o com fins sociais e educativos"},"content":{"rendered":"<p>Compositora, guitarrista, cantora e professora nascida na cidade de La Plata, Buenos Aires, Argentina. Membro do FADEC (Foro Argentino de Compositoras) e da AAC (Asociaci\u00f3n Argentina de Compositores). Arranjadora da OFRN (Orq. Filarm\u00f3nica de R\u00edo Negro). Formado em viol\u00e3o cl\u00e1ssico no Conservat\u00f3rio de M\u00fasica Gilardo Gilardi e no Bachillerato de Bellas Artes da cidade de La Plata, graduando-se como instrumentista. Professora de Composi\u00e7\u00e3o Musical formada pela Faculdade de Belas Artes (Universidade Nacional de La Plata).<\/p>\n<p>&nbsp;<\/p>\n<p>\u00c9 uma das compositoras emergentes mais promissoras da Argentina e da Am\u00e9rica Latina. A sua est\u00e9tica re\u00fane linguagens tradicionais e contempor\u00e2neas com um olhar que combina a m\u00fasica acad\u00e9mica (romantismo, impressionismo e contempor\u00e2neo) com nuances e evoca\u00e7\u00f5es de jazz, tango e ra\u00edzes folcl\u00f3ricas. H\u00e1 nas suas composi\u00e7\u00f5es uma busca permanente de autenticidade e intensidade e um enorme compromisso com a mensagem que a obra traz para a comunidade.<\/p>\n<p>&nbsp;<\/p>\n<p>Escreveu pe\u00e7as a solo, m\u00fasica de c\u00e2mara, obras sinf\u00f3nicas, corais e oper\u00e1ticas, ciclos de can\u00e7\u00f5es e m\u00fasica original encomendada. As suas obras s\u00e3o encomendadas por prestigiadas orquestras da Argentina, entre as quais a Orquestra Filarm\u00f3nica de Rio Negro e a Orquestra de M\u00fasica Argentina \u201cJuan de Dios Filiberto\u201d.<\/p>\n<p>&nbsp;<\/p>\n<p>Recebeu o Primeiro Pr\u00e9mio \u201cCompositoras Iberoamericanas 2020\u201d da Iberorquestas pela sua obra sinf\u00f3nico-coral \u201cKushe Papai\u201d em homenagem \u00e0s av\u00f3s da comunidade Mapuche, pr\u00e9mio atribu\u00eddo pelo Ministro da Cultura da Na\u00e7\u00e3o Trist\u00e1n Bauer.<\/p>\n<p>&nbsp;<\/p>\n<p>Desde 2020 \u00e9 membro de \u201cAlmasonora\u201d juntamente com a harpista Mara Diniello, um projeto de colabora\u00e7\u00e3o entre compositor e int\u00e9rprete com o qual desenvolve repert\u00f3rio para a harpa argentina em todos os seus formatos (solista, c\u00e2mara e concertante).<\/p>\n<p>&nbsp;<\/p>\n<p>Com quase 30 anos de experi\u00eancia no ensino da m\u00fasica em diferentes n\u00edveis, lecciona na Escola Superior de M\u00fasica de Neuqu\u00e9n h\u00e1 13 anos nas disciplinas de Projectos de Composi\u00e7\u00e3o Musical, Elementos de An\u00e1lise Musical, Orquestra\u00e7\u00e3o e Arranjos Vocais. Ministrou Master Classes de Composi\u00e7\u00e3o em importantes institui\u00e7\u00f5es, entre elas a Universidade Nacional das Artes nos seus projectos de extens\u00e3o universit\u00e1ria, os Cursos Internacionais de P\u00f3s-gradua\u00e7\u00e3o CUPIIA, a Semana da Harpa em Buenos Aires e o Festival Internacional de Occitanie (Fran\u00e7a). Ministra constantemente oficinas profissionalizantes de Canto Coletivo e Composi\u00e7\u00e3o de Canto desde o seu in\u00edcio como professora.<\/p>\n<p>&nbsp;<\/p>\n<p>Esta resid\u00eancia de Mar\u00eda Su\u00e1rez em Espanha \u00e9 poss\u00edvel gra\u00e7as ao apoio do Programa Iberm\u00fasicas.<\/p>\n<p>&nbsp;<\/p>\n<p>&nbsp;<\/p>\n<ul>\n<li>23 de setembro, 19h: confer\u00eancia musicalizada sobre m\u00fasica de ida e volta: uma hibridiza\u00e7\u00e3o inclusiva na Sede Universit\u00e1ria da Cidade de Alicante, Espanha<\/li>\n<li>30 de setembro, 12h: Master Class sobre t\u00e9cnicas instrumentais no Museu de M\u00fasica \u00c9tnica de Busot, Espanha<\/li>\n<li>De 7 a 28 de outubro, das 17h \u00e0s 19h: oficinas coletivas de canto e composi\u00e7\u00e3o no Edif\u00edcio de Ci\u00eancias Sociais da Universidade de Alicante, Espanha<\/li>\n<li>De 4 a 18 de novembro, 12h: adapta\u00e7\u00e3o de org\u00e2nico orquestral para instrumentos nativos: oficina de performance e concerto de pr\u00e1tica educativa no Museu de M\u00fasica \u00c9tnica de Busot, Espanha<\/li>\n<li>Dia 25 de novembro, 18h00: Conversa: \u201cA m\u00fasica como facto social\u201d, no Edif\u00edcio de Ci\u00eancias Sociais da Universidade de Alicante, Espanha<\/li>\n<li>De 2 a 9 de dezembro, das 17h \u00e0s 19h: adapta\u00e7\u00e3o de org\u00e2nico orquestral para instrumentos nativos no Museu Universit\u00e1rio de Alicante, Espanha<\/li>\n<li>16 de dezembro, 18h: concerto solid\u00e1rio de Natal na Sede Universit\u00e1ria da Cidade de Alicante, Espanha<\/li>\n<li>6 de janeiro oficina de canto coletivo no Instituto de Estudos Sociais da Am\u00e9rica Latina da Universidade de Alicante, Espanha<\/li>\n<\/ul>\n","protected":false},"excerpt":{"rendered":"<p>Compositora, guitarrista, cantora e professora nascida na cidade de La Plata, Buenos Aires, Argentina. Membro do FADEC (Foro Argentino de Compositoras) e da AAC (Asociaci\u00f3n Argentina de Compositores). Arranjadora da OFRN (Orq. Filarm\u00f3nica de R\u00edo Negro). Formado em viol\u00e3o cl\u00e1ssico no Conservat\u00f3rio de M\u00fasica Gilardo Gilardi e no Bachillerato de Bellas Artes da cidade de [&hellip;]<\/p>\n","protected":false},"author":7,"featured_media":20185,"comment_status":"closed","ping_status":"closed","sticky":false,"template":"","format":"standard","meta":{"footnotes":""},"categories":[218],"tags":[],"class_list":["post-20187","post","type-post","status-publish","format-standard","has-post-thumbnail","hentry","category-noticias-generales-pt"],"lang":"pt","translations":{"pt":20187,"es":20184},"pll_sync_post":[],"post_mailing_queue_ids":[],"_links":{"self":[{"href":"http:\/\/staging.ibermusicas.org\/index.php\/wp-json\/wp\/v2\/posts\/20187","targetHints":{"allow":["GET"]}}],"collection":[{"href":"http:\/\/staging.ibermusicas.org\/index.php\/wp-json\/wp\/v2\/posts"}],"about":[{"href":"http:\/\/staging.ibermusicas.org\/index.php\/wp-json\/wp\/v2\/types\/post"}],"author":[{"embeddable":true,"href":"http:\/\/staging.ibermusicas.org\/index.php\/wp-json\/wp\/v2\/users\/7"}],"replies":[{"embeddable":true,"href":"http:\/\/staging.ibermusicas.org\/index.php\/wp-json\/wp\/v2\/comments?post=20187"}],"version-history":[{"count":1,"href":"http:\/\/staging.ibermusicas.org\/index.php\/wp-json\/wp\/v2\/posts\/20187\/revisions"}],"predecessor-version":[{"id":20188,"href":"http:\/\/staging.ibermusicas.org\/index.php\/wp-json\/wp\/v2\/posts\/20187\/revisions\/20188"}],"wp:featuredmedia":[{"embeddable":true,"href":"http:\/\/staging.ibermusicas.org\/index.php\/wp-json\/wp\/v2\/media\/20185"}],"wp:attachment":[{"href":"http:\/\/staging.ibermusicas.org\/index.php\/wp-json\/wp\/v2\/media?parent=20187"}],"wp:term":[{"taxonomy":"category","embeddable":true,"href":"http:\/\/staging.ibermusicas.org\/index.php\/wp-json\/wp\/v2\/categories?post=20187"},{"taxonomy":"post_tag","embeddable":true,"href":"http:\/\/staging.ibermusicas.org\/index.php\/wp-json\/wp\/v2\/tags?post=20187"}],"curies":[{"name":"wp","href":"https:\/\/api.w.org\/{rel}","templated":true}]}}