{"id":20189,"date":"2024-09-12T20:25:26","date_gmt":"2024-09-12T20:25:26","guid":{"rendered":"http:\/\/staging.ibermusicas.org\/?p=20189"},"modified":"2024-09-30T13:58:56","modified_gmt":"2024-09-30T13:58:56","slug":"el-grupo-de-estudios-en-musicas-y-artes-afrobrasilenas-en-buenos-aires-gemaa-bs-as-viaja-a-brasil-a-exponer-sus-trabajos","status":"publish","type":"post","link":"http:\/\/staging.ibermusicas.org\/index.php\/el-grupo-de-estudios-en-musicas-y-artes-afrobrasilenas-en-buenos-aires-gemaa-bs-as-viaja-a-brasil-a-exponer-sus-trabajos\/","title":{"rendered":"El Grupo de Estudios en M\u00fasicas y Artes Afrobrasile\u00f1as en Buenos Aires (GEMAA Bs. As.), viaja a Brasil a exponer sus trabajos"},"content":{"rendered":"<p>Berenice Corti y Leandro Mellid del Grupo de Estudios en M\u00fasicas y Artes Afrobrasile\u00f1as en Buenos Aires (GEMAA Bs. As.), colectivo de investigaci\u00f3n-creaci\u00f3n ganador del Premio Brasil Iberm\u00fasicas 2023, presentan avances de sus investigaciones en el pr\u00f3ximo congreso de la Asociaci\u00f3n Internacional de Estudios en M\u00fasica Popular, Rama Latinoamericana (IaspmAL).<\/p>\n<p>&nbsp;<\/p>\n<p>El XVI Congreso de la IaspmAL est\u00e1 organizado por la Universidad Federal de Pernambuco en la ciudad de Recife y se realizar\u00e1 entre el 24 y el 28 de septiembre pr\u00f3ximo. All\u00ed los integrantes del GEMAA Bs. As. expondr\u00e1n los siguientes trabajos:<\/p>\n<p>&nbsp;<\/p>\n<p>Berenice Corti: \u00abTempo Rei. Algunas propuestas para pensar el principio organizador de las m\u00fasicas afrodiasp\u00f3ricas en Am\u00e9rica Latina (Simposio 1: \u00abAtl\u00e1ntico Negro, Afrodi\u00e1spora y Am\u00e9frica Ladina. Sus experiencias musicales de, en y desde la regi\u00f3n\u00bb).<\/p>\n<p>&nbsp;<\/p>\n<p>Leandro Mellid: \u00abEntre dos r\u00edos. Composiciones de choro en el R\u00edo de la Plata\u00bb (Simposio 8: \u00abLas producciones de los compositores\/creadores de la m\u00fasica popular latinoamericana desde el enfoque de hibridismo\u00bb).<\/p>\n<p>&nbsp;<\/p>\n<ul>\n<li>24 al 28 de septiembre, Asociaci\u00f3n Internacional de Estudios en M\u00fasica Popular, Rama Latinoamericana (IaspmAL), Universidad Federal de Pernambuco, Recife, Brasil<\/li>\n<\/ul>\n","protected":false},"excerpt":{"rendered":"<p>Berenice Corti y Leandro Mellid del Grupo de Estudios en M\u00fasicas y Artes Afrobrasile\u00f1as en Buenos Aires (GEMAA Bs. As.), colectivo de investigaci\u00f3n-creaci\u00f3n ganador del Premio Brasil Iberm\u00fasicas 2023, presentan avances de sus investigaciones en el pr\u00f3ximo congreso de la Asociaci\u00f3n Internacional de Estudios en M\u00fasica Popular, Rama Latinoamericana (IaspmAL). &nbsp; El XVI Congreso de [&hellip;]<\/p>\n","protected":false},"author":7,"featured_media":20190,"comment_status":"closed","ping_status":"closed","sticky":false,"template":"","format":"standard","meta":{"footnotes":""},"categories":[53],"tags":[],"class_list":["post-20189","post","type-post","status-publish","format-standard","has-post-thumbnail","hentry","category-noticias-generales"],"lang":"es","translations":{"es":20189,"pt":20192},"pll_sync_post":[],"post_mailing_queue_ids":[],"_links":{"self":[{"href":"http:\/\/staging.ibermusicas.org\/index.php\/wp-json\/wp\/v2\/posts\/20189","targetHints":{"allow":["GET"]}}],"collection":[{"href":"http:\/\/staging.ibermusicas.org\/index.php\/wp-json\/wp\/v2\/posts"}],"about":[{"href":"http:\/\/staging.ibermusicas.org\/index.php\/wp-json\/wp\/v2\/types\/post"}],"author":[{"embeddable":true,"href":"http:\/\/staging.ibermusicas.org\/index.php\/wp-json\/wp\/v2\/users\/7"}],"replies":[{"embeddable":true,"href":"http:\/\/staging.ibermusicas.org\/index.php\/wp-json\/wp\/v2\/comments?post=20189"}],"version-history":[{"count":1,"href":"http:\/\/staging.ibermusicas.org\/index.php\/wp-json\/wp\/v2\/posts\/20189\/revisions"}],"predecessor-version":[{"id":20191,"href":"http:\/\/staging.ibermusicas.org\/index.php\/wp-json\/wp\/v2\/posts\/20189\/revisions\/20191"}],"wp:featuredmedia":[{"embeddable":true,"href":"http:\/\/staging.ibermusicas.org\/index.php\/wp-json\/wp\/v2\/media\/20190"}],"wp:attachment":[{"href":"http:\/\/staging.ibermusicas.org\/index.php\/wp-json\/wp\/v2\/media?parent=20189"}],"wp:term":[{"taxonomy":"category","embeddable":true,"href":"http:\/\/staging.ibermusicas.org\/index.php\/wp-json\/wp\/v2\/categories?post=20189"},{"taxonomy":"post_tag","embeddable":true,"href":"http:\/\/staging.ibermusicas.org\/index.php\/wp-json\/wp\/v2\/tags?post=20189"}],"curies":[{"name":"wp","href":"https:\/\/api.w.org\/{rel}","templated":true}]}}