{"id":20192,"date":"2024-09-12T20:26:52","date_gmt":"2024-09-12T20:26:52","guid":{"rendered":"http:\/\/staging.ibermusicas.org\/?p=20192"},"modified":"2024-09-30T13:43:37","modified_gmt":"2024-09-30T13:43:37","slug":"o-grupo-de-estudios-en-musicas-y-artes-afrobrasilenas-en-buenos-aires-gemaa-bs-as-viaja-ao-brasil-para-expor-seus-trabalhos","status":"publish","type":"post","link":"http:\/\/staging.ibermusicas.org\/index.php\/o-grupo-de-estudios-en-musicas-y-artes-afrobrasilenas-en-buenos-aires-gemaa-bs-as-viaja-ao-brasil-para-expor-seus-trabalhos\/","title":{"rendered":"O Grupo de Estudios en M\u00fasicas y Artes Afrobrasile\u00f1as en Buenos Aires (GEMAA Bs. As.), viaja ao Brasil para expor seus trabalhos"},"content":{"rendered":"<p>Berenice Corti e Leandro Mellid, do Grupo de Estudios en M\u00fasicas y Artes Afrobrasile\u00f1as en Buenos Aires (GEMAA Bs. As.), coletivo de pesquisa-cria\u00e7\u00e3o vencedor do Pr\u00eamio Brasil Iberm\u00fasicas 2023, apresentar\u00e3o os avan\u00e7os de suas pesquisas no pr\u00f3ximo congresso da Associa\u00e7\u00e3o Internacional para o Estudo da M\u00fasica Popular, Sec\u00e7\u00e3o da Am\u00e9rica Latina (IaspmAL).<\/p>\n<p>&nbsp;<\/p>\n<p>O XVI Congresso da IaspmAL \u00e9 organizado pela Universidade Federal de Pernambuco, na cidade de Recife, e ser\u00e1 realizado entre os dias 24 e 28 de setembro. Os membros do GEMAA Buenos Aires apresentar\u00e3o as seguintes comunica\u00e7\u00f5es:<\/p>\n<p>&nbsp;<\/p>\n<p>Berenice Corti: \u201cTempo Rei. Algumas propostas para pensar o princ\u00edpio organizador da m\u00fasica afrodiasp\u00f3rica na Am\u00e9rica Latina (Simp\u00f3sio 1: \u201cAtl\u00e2ntico Negro, Afrodiaspora e Am\u00e9frica Ladina. Suas experi\u00eancias musicais da, na e a partir da regi\u00e3o\u00bb).<\/p>\n<p>&nbsp;<\/p>\n<p>Leandro Mellid: \u201cEntre dois rios. Composiciones de choro en el R\u00edo de la Plata\u201d (Simp\u00f3sio 8: \u00abAs produ\u00e7\u00f5es dos compositores\/criadores da m\u00fasica popular latino-americana a partir da abordagem do hibridismo\u00bb).<\/p>\n<p>&nbsp;<\/p>\n<p>&nbsp;<\/p>\n<ul>\n<li>24-28 de setembro, Associa\u00e7\u00e3o Internacional para o Estudo da M\u00fasica Popular, Sec\u00e7\u00e3o da Am\u00e9rica Latina (IaspmAL), Universidade Federal de Pernambuco, Recife, Brasil<\/li>\n<\/ul>\n","protected":false},"excerpt":{"rendered":"<p>Berenice Corti e Leandro Mellid, do Grupo de Estudios en M\u00fasicas y Artes Afrobrasile\u00f1as en Buenos Aires (GEMAA Bs. As.), coletivo de pesquisa-cria\u00e7\u00e3o vencedor do Pr\u00eamio Brasil Iberm\u00fasicas 2023, apresentar\u00e3o os avan\u00e7os de suas pesquisas no pr\u00f3ximo congresso da Associa\u00e7\u00e3o Internacional para o Estudo da M\u00fasica Popular, Sec\u00e7\u00e3o da Am\u00e9rica Latina (IaspmAL). &nbsp; O XVI [&hellip;]<\/p>\n","protected":false},"author":7,"featured_media":20190,"comment_status":"closed","ping_status":"closed","sticky":false,"template":"","format":"standard","meta":{"footnotes":""},"categories":[218],"tags":[],"class_list":["post-20192","post","type-post","status-publish","format-standard","has-post-thumbnail","hentry","category-noticias-generales-pt"],"lang":"pt","translations":{"pt":20192,"es":20189},"pll_sync_post":[],"post_mailing_queue_ids":[],"_links":{"self":[{"href":"http:\/\/staging.ibermusicas.org\/index.php\/wp-json\/wp\/v2\/posts\/20192","targetHints":{"allow":["GET"]}}],"collection":[{"href":"http:\/\/staging.ibermusicas.org\/index.php\/wp-json\/wp\/v2\/posts"}],"about":[{"href":"http:\/\/staging.ibermusicas.org\/index.php\/wp-json\/wp\/v2\/types\/post"}],"author":[{"embeddable":true,"href":"http:\/\/staging.ibermusicas.org\/index.php\/wp-json\/wp\/v2\/users\/7"}],"replies":[{"embeddable":true,"href":"http:\/\/staging.ibermusicas.org\/index.php\/wp-json\/wp\/v2\/comments?post=20192"}],"version-history":[{"count":1,"href":"http:\/\/staging.ibermusicas.org\/index.php\/wp-json\/wp\/v2\/posts\/20192\/revisions"}],"predecessor-version":[{"id":20193,"href":"http:\/\/staging.ibermusicas.org\/index.php\/wp-json\/wp\/v2\/posts\/20192\/revisions\/20193"}],"wp:featuredmedia":[{"embeddable":true,"href":"http:\/\/staging.ibermusicas.org\/index.php\/wp-json\/wp\/v2\/media\/20190"}],"wp:attachment":[{"href":"http:\/\/staging.ibermusicas.org\/index.php\/wp-json\/wp\/v2\/media?parent=20192"}],"wp:term":[{"taxonomy":"category","embeddable":true,"href":"http:\/\/staging.ibermusicas.org\/index.php\/wp-json\/wp\/v2\/categories?post=20192"},{"taxonomy":"post_tag","embeddable":true,"href":"http:\/\/staging.ibermusicas.org\/index.php\/wp-json\/wp\/v2\/tags?post=20192"}],"curies":[{"name":"wp","href":"https:\/\/api.w.org\/{rel}","templated":true}]}}