{"id":20194,"date":"2024-09-12T21:05:55","date_gmt":"2024-09-12T21:05:55","guid":{"rendered":"http:\/\/staging.ibermusicas.org\/?p=20194"},"modified":"2024-09-30T13:58:38","modified_gmt":"2024-09-30T13:58:38","slug":"el-artista-brasileno-caio-prado-lleva-su-musica-a-la-isla-de-madeira-lisboa-y-madrid","status":"publish","type":"post","link":"http:\/\/staging.ibermusicas.org\/index.php\/el-artista-brasileno-caio-prado-lleva-su-musica-a-la-isla-de-madeira-lisboa-y-madrid\/","title":{"rendered":"El artista brasile\u00f1o Caio Prado lleva su m\u00fasica a la isla de Madeira, Lisboa y Madrid"},"content":{"rendered":"<p>Cantante y compositor carioca, Caio Prado se destaca en la escena musical desde 2015, cuando llam\u00f3 la atenci\u00f3n del p\u00fablico y de la cr\u00edtica con su disco \u00abVari\u00e1vel Eloquente\u00bb. All\u00ed se vio el nacimiento de un artista singular. Su impresionante timbre de voz, sus composiciones de rara singularidad y su fascinante presencia esc\u00e9nica fue caracterizada\u00a0 por muchos como una fuerza de la naturaleza. Un artista que lo tiene todo para hacerse un nombre en la m\u00fasica brasile\u00f1a. Recientemente, Caio cautiv\u00f3 a nuevos p\u00fablicos con su presencia en importantes festivales como el Rock In Rio y en programas de televisi\u00f3n de amplio alcance.<\/p>\n<p>&nbsp;<\/p>\n<p>\u201cCaio em Ti\u201d es un \u00e1lbum que fue lanzado en marzo de 2024, y que presenta un Caio m\u00e1s solar, m\u00e1s pop, abriendo espacio para hablar de temas como el amor, el sexo, la playa, el f\u00fatbol y otros temas de su universo. \u00abCaio em Ti\u00bb pretende ser un hito en la carrera de Caio, no s\u00f3lo por los temas tratados en la letra, sino por la recuperaci\u00f3n del carioquismo latente del artista, todo lo cual se refleja en el sonido del \u00e1lbum que trae elementos de una nueva m\u00fasica popular brasile\u00f1a que resurge coqueteando con diversos estilos musicales. Tiene R&amp;B, pagode, funk y MPB.<\/p>\n<p>&nbsp;<\/p>\n<p>Esta gira europea de Caio Prado se hace posible gracias al apoyo del Programa Iberm\u00fasicas mediante sus Ayudas a la Circulaci\u00f3n, convocatoria 2023.<\/p>\n<p>&nbsp;<\/p>\n<ul>\n<li>28 de septiembre, 22 h: concierto en Estalagem da Ponta do Sol &#8211; Ponta do Sol &#8211; Isla de Madeira (Portugal)<\/li>\n<li>3 de octubre: B.O.T.A, Lisboa, Portugal<\/li>\n<li>6 de octubre: Festival Conciencia Afro, La Casa Encendida, Madrid, Espa\u00f1a<\/li>\n<\/ul>\n","protected":false},"excerpt":{"rendered":"<p>Cantante y compositor carioca, Caio Prado se destaca en la escena musical desde 2015, cuando llam\u00f3 la atenci\u00f3n del p\u00fablico y de la cr\u00edtica con su disco \u00abVari\u00e1vel Eloquente\u00bb. All\u00ed se vio el nacimiento de un artista singular. Su impresionante timbre de voz, sus composiciones de rara singularidad y su fascinante presencia esc\u00e9nica fue caracterizada\u00a0 [&hellip;]<\/p>\n","protected":false},"author":7,"featured_media":20195,"comment_status":"closed","ping_status":"closed","sticky":false,"template":"","format":"standard","meta":{"footnotes":""},"categories":[53],"tags":[],"class_list":["post-20194","post","type-post","status-publish","format-standard","has-post-thumbnail","hentry","category-noticias-generales"],"lang":"es","translations":{"es":20194,"pt":20197},"pll_sync_post":[],"post_mailing_queue_ids":[],"_links":{"self":[{"href":"http:\/\/staging.ibermusicas.org\/index.php\/wp-json\/wp\/v2\/posts\/20194","targetHints":{"allow":["GET"]}}],"collection":[{"href":"http:\/\/staging.ibermusicas.org\/index.php\/wp-json\/wp\/v2\/posts"}],"about":[{"href":"http:\/\/staging.ibermusicas.org\/index.php\/wp-json\/wp\/v2\/types\/post"}],"author":[{"embeddable":true,"href":"http:\/\/staging.ibermusicas.org\/index.php\/wp-json\/wp\/v2\/users\/7"}],"replies":[{"embeddable":true,"href":"http:\/\/staging.ibermusicas.org\/index.php\/wp-json\/wp\/v2\/comments?post=20194"}],"version-history":[{"count":1,"href":"http:\/\/staging.ibermusicas.org\/index.php\/wp-json\/wp\/v2\/posts\/20194\/revisions"}],"predecessor-version":[{"id":20196,"href":"http:\/\/staging.ibermusicas.org\/index.php\/wp-json\/wp\/v2\/posts\/20194\/revisions\/20196"}],"wp:featuredmedia":[{"embeddable":true,"href":"http:\/\/staging.ibermusicas.org\/index.php\/wp-json\/wp\/v2\/media\/20195"}],"wp:attachment":[{"href":"http:\/\/staging.ibermusicas.org\/index.php\/wp-json\/wp\/v2\/media?parent=20194"}],"wp:term":[{"taxonomy":"category","embeddable":true,"href":"http:\/\/staging.ibermusicas.org\/index.php\/wp-json\/wp\/v2\/categories?post=20194"},{"taxonomy":"post_tag","embeddable":true,"href":"http:\/\/staging.ibermusicas.org\/index.php\/wp-json\/wp\/v2\/tags?post=20194"}],"curies":[{"name":"wp","href":"https:\/\/api.w.org\/{rel}","templated":true}]}}