{"id":20199,"date":"2024-09-12T21:10:43","date_gmt":"2024-09-12T21:10:43","guid":{"rendered":"http:\/\/staging.ibermusicas.org\/?p=20199"},"modified":"2025-01-19T22:44:24","modified_gmt":"2025-01-19T22:44:24","slug":"la-compositora-costarricense-karol-barboza-realizara-un-trabajo-de-especializacion-junto-al-compositor-brasileno-leandro-maia","status":"publish","type":"post","link":"http:\/\/staging.ibermusicas.org\/index.php\/la-compositora-costarricense-karol-barboza-realizara-un-trabajo-de-especializacion-junto-al-compositor-brasileno-leandro-maia\/","title":{"rendered":"La compositora costarricense Karol Barboza realizar\u00e1 un trabajo de especializaci\u00f3n junto al compositor brasile\u00f1o Leandro Maia"},"content":{"rendered":"<p>Durante tres meses, Karol Barboza tendr\u00e1 varios encuentros semanales con Leandro Maia para trabajar sobre procesos creativos de la canci\u00f3n popular, lenguaje y oralidad, teor\u00edas acerca de la composici\u00f3n en la m\u00fasica popular, producci\u00f3n musical, performance y manejo de p\u00fablico. Al regresar a Costa Rica realizar\u00e1 un taller de tres sesiones, gratuito y abierto al p\u00fablico en las instalaciones de la Asociaci\u00f3n de Autores Musicales, para socializar y compartir las experiencias y aprendizajes de esta aventura formativa.<\/p>\n<p>&nbsp;<\/p>\n<p>La cantautora y compositora Karol Barboza en el \u00faltimo a\u00f1o ha realizado m\u00e1s de 25 presentaciones en M\u00e9xico y Costa Rica, ha realizado la musicalizaci\u00f3n de dos obras de danza y teatro, ha publicado un \u00e1lbum y cuatro sencillos y en septiembre hizo el lanzamiento de su \u00faltimo material discogr\u00e1fico, grabado entre abril y junio del 2023.<\/p>\n<p>&nbsp;<\/p>\n<p>Leandro Maia es cantante, guitarrista y compositor, posee un doctorado en M\u00fasica\/Composici\u00f3n en Bath Spa University\/Reino Unido con la tesis \u201cPo\u00e9tica de la canci\u00f3n: h\u00e1bitos de composici\u00f3n en el proceso creativo de la m\u00fasica brasile\u00f1a\u201d. Adem\u00e1s es profesor en la Universidad Federal de Pelotas, Brasil, trabajando en el \u00e1rea de m\u00fasica popular, literatura brasile\u00f1a y producci\u00f3n cultural.<\/p>\n<p>&nbsp;<\/p>\n<p>Esta residencia de Karol Barboza se realiza gracias al apoyo de Iberm\u00fasicas mediante sus Ayudas para Residencias Art\u00edsticas, convocatoria 2023.<\/p>\n<p>&nbsp;<\/p>\n<p>&nbsp;<\/p>\n<ul>\n<li>Septiembre, octubre y noviembre en Pelotas, Brasil<\/li>\n<\/ul>\n","protected":false},"excerpt":{"rendered":"<p>Durante tres meses, Karol Barboza tendr\u00e1 varios encuentros semanales con Leandro Maia para trabajar sobre procesos creativos de la canci\u00f3n popular, lenguaje y oralidad, teor\u00edas acerca de la composici\u00f3n en la m\u00fasica popular, producci\u00f3n musical, performance y manejo de p\u00fablico. Al regresar a Costa Rica realizar\u00e1 un taller de tres sesiones, gratuito y abierto al [&hellip;]<\/p>\n","protected":false},"author":7,"featured_media":21325,"comment_status":"closed","ping_status":"closed","sticky":false,"template":"","format":"standard","meta":{"footnotes":""},"categories":[53],"tags":[],"class_list":["post-20199","post","type-post","status-publish","format-standard","has-post-thumbnail","hentry","category-noticias-generales"],"lang":"es","translations":{"es":20199,"pt":20202},"pll_sync_post":[],"post_mailing_queue_ids":[],"_links":{"self":[{"href":"http:\/\/staging.ibermusicas.org\/index.php\/wp-json\/wp\/v2\/posts\/20199","targetHints":{"allow":["GET"]}}],"collection":[{"href":"http:\/\/staging.ibermusicas.org\/index.php\/wp-json\/wp\/v2\/posts"}],"about":[{"href":"http:\/\/staging.ibermusicas.org\/index.php\/wp-json\/wp\/v2\/types\/post"}],"author":[{"embeddable":true,"href":"http:\/\/staging.ibermusicas.org\/index.php\/wp-json\/wp\/v2\/users\/7"}],"replies":[{"embeddable":true,"href":"http:\/\/staging.ibermusicas.org\/index.php\/wp-json\/wp\/v2\/comments?post=20199"}],"version-history":[{"count":1,"href":"http:\/\/staging.ibermusicas.org\/index.php\/wp-json\/wp\/v2\/posts\/20199\/revisions"}],"predecessor-version":[{"id":20201,"href":"http:\/\/staging.ibermusicas.org\/index.php\/wp-json\/wp\/v2\/posts\/20199\/revisions\/20201"}],"wp:featuredmedia":[{"embeddable":true,"href":"http:\/\/staging.ibermusicas.org\/index.php\/wp-json\/wp\/v2\/media\/21325"}],"wp:attachment":[{"href":"http:\/\/staging.ibermusicas.org\/index.php\/wp-json\/wp\/v2\/media?parent=20199"}],"wp:term":[{"taxonomy":"category","embeddable":true,"href":"http:\/\/staging.ibermusicas.org\/index.php\/wp-json\/wp\/v2\/categories?post=20199"},{"taxonomy":"post_tag","embeddable":true,"href":"http:\/\/staging.ibermusicas.org\/index.php\/wp-json\/wp\/v2\/tags?post=20199"}],"curies":[{"name":"wp","href":"https:\/\/api.w.org\/{rel}","templated":true}]}}