{"id":20202,"date":"2024-09-12T21:12:47","date_gmt":"2024-09-12T21:12:47","guid":{"rendered":"http:\/\/staging.ibermusicas.org\/?p=20202"},"modified":"2025-01-19T22:45:51","modified_gmt":"2025-01-19T22:45:51","slug":"a-compositora-costarriquenha-karol-barboza-ira-realizar-um-trabalho-especializado-em-conjunto-com-o-compositor-brasileiro-leandro-maia","status":"publish","type":"post","link":"http:\/\/staging.ibermusicas.org\/index.php\/a-compositora-costarriquenha-karol-barboza-ira-realizar-um-trabalho-especializado-em-conjunto-com-o-compositor-brasileiro-leandro-maia\/","title":{"rendered":"A compositora costarriquenha Karol Barboza ir\u00e1 realizar um trabalho especializado em conjunto com o compositor brasileiro Leandro Maia"},"content":{"rendered":"<p>Durante tr\u00eas meses, Karol Barboza ter\u00e1 v\u00e1rios encontros semanais com Leandro Maia para trabalhar processos criativos de can\u00e7\u00f5es populares, linguagem e oralidade, teorias sobre a composi\u00e7\u00e3o em m\u00fasica popular, produ\u00e7\u00e3o musical, performance e gest\u00e3o de p\u00fablicos. No regresso \u00e0 Costa Rica, ir\u00e1 realizar um workshop de tr\u00eas sess\u00f5es, gratuito e aberto ao p\u00fablico nas instala\u00e7\u00f5es da Associa\u00e7\u00e3o de Autores Musicais, para socializar e partilhar as experi\u00eancias e aprendizagens desta aventura formativa.<\/p>\n<p>&nbsp;<\/p>\n<p>No \u00faltimo ano, a cantora e compositora Karol Barboza fez mais de 25 apresenta\u00e7\u00f5es no M\u00e9xico e na Costa Rica, comp\u00f4s duas obras de dan\u00e7a e teatro, publicou um \u00e1lbum e quatro singles, e em setembro lan\u00e7ou o seu \u00faltimo material do \u00e1lbum, gravado entre abril e junho de 2023.<\/p>\n<p>&nbsp;<\/p>\n<p>Leandro Maia \u00e9 cantor, guitarrista e compositor, \u00e9 doutorado em M\u00fasica\u00a0 \/Composi\u00e7\u00e3o pela Bath Spa University\u00a0 \/Reino Unido com a tese \u201cPo\u00e9tica da can\u00e7\u00e3o: h\u00e1bitos de composi\u00e7\u00e3o no processo criativo da m\u00fasica brasileira\u201d. \u00c9 tamb\u00e9m professor na Universidade Federal de Pelotas, Brasil, trabalhando na \u00e1rea da m\u00fasica popular, literatura brasileira e produ\u00e7\u00e3o cultural.<\/p>\n<p>&nbsp;<\/p>\n<p>Esta resid\u00eancia de Karol Barboza \u00e9 poss\u00edvel gra\u00e7as ao apoio do Iberm\u00fasicas atrav\u00e9s das suas Ajudas para Resid\u00eancias Art\u00edsticas, convocat\u00f3ria 2023.<\/p>\n<ul>\n<li>Setembro, outubro e novembro em Pelotas, Brasil<\/li>\n<\/ul>\n","protected":false},"excerpt":{"rendered":"<p>Durante tr\u00eas meses, Karol Barboza ter\u00e1 v\u00e1rios encontros semanais com Leandro Maia para trabalhar processos criativos de can\u00e7\u00f5es populares, linguagem e oralidade, teorias sobre a composi\u00e7\u00e3o em m\u00fasica popular, produ\u00e7\u00e3o musical, performance e gest\u00e3o de p\u00fablicos. No regresso \u00e0 Costa Rica, ir\u00e1 realizar um workshop de tr\u00eas sess\u00f5es, gratuito e aberto ao p\u00fablico nas instala\u00e7\u00f5es [&hellip;]<\/p>\n","protected":false},"author":7,"featured_media":21326,"comment_status":"closed","ping_status":"closed","sticky":false,"template":"","format":"standard","meta":{"footnotes":""},"categories":[218],"tags":[],"class_list":["post-20202","post","type-post","status-publish","format-standard","has-post-thumbnail","hentry","category-noticias-generales-pt"],"lang":"pt","translations":{"pt":20202,"es":20199},"pll_sync_post":[],"post_mailing_queue_ids":[],"_links":{"self":[{"href":"http:\/\/staging.ibermusicas.org\/index.php\/wp-json\/wp\/v2\/posts\/20202","targetHints":{"allow":["GET"]}}],"collection":[{"href":"http:\/\/staging.ibermusicas.org\/index.php\/wp-json\/wp\/v2\/posts"}],"about":[{"href":"http:\/\/staging.ibermusicas.org\/index.php\/wp-json\/wp\/v2\/types\/post"}],"author":[{"embeddable":true,"href":"http:\/\/staging.ibermusicas.org\/index.php\/wp-json\/wp\/v2\/users\/7"}],"replies":[{"embeddable":true,"href":"http:\/\/staging.ibermusicas.org\/index.php\/wp-json\/wp\/v2\/comments?post=20202"}],"version-history":[{"count":1,"href":"http:\/\/staging.ibermusicas.org\/index.php\/wp-json\/wp\/v2\/posts\/20202\/revisions"}],"predecessor-version":[{"id":20203,"href":"http:\/\/staging.ibermusicas.org\/index.php\/wp-json\/wp\/v2\/posts\/20202\/revisions\/20203"}],"wp:featuredmedia":[{"embeddable":true,"href":"http:\/\/staging.ibermusicas.org\/index.php\/wp-json\/wp\/v2\/media\/21326"}],"wp:attachment":[{"href":"http:\/\/staging.ibermusicas.org\/index.php\/wp-json\/wp\/v2\/media?parent=20202"}],"wp:term":[{"taxonomy":"category","embeddable":true,"href":"http:\/\/staging.ibermusicas.org\/index.php\/wp-json\/wp\/v2\/categories?post=20202"},{"taxonomy":"post_tag","embeddable":true,"href":"http:\/\/staging.ibermusicas.org\/index.php\/wp-json\/wp\/v2\/tags?post=20202"}],"curies":[{"name":"wp","href":"https:\/\/api.w.org\/{rel}","templated":true}]}}