{"id":20259,"date":"2024-09-30T19:20:14","date_gmt":"2024-09-30T19:20:14","guid":{"rendered":"http:\/\/staging.ibermusicas.org\/?p=20259"},"modified":"2024-12-04T14:46:47","modified_gmt":"2024-12-04T14:46:47","slug":"se-realizara-en-buenos-aires-el-3er-festival-puntal-el-violonchelo-en-las-musicas-populares","status":"publish","type":"post","link":"http:\/\/staging.ibermusicas.org\/index.php\/se-realizara-en-buenos-aires-el-3er-festival-puntal-el-violonchelo-en-las-musicas-populares\/","title":{"rendered":"Se realizar\u00e1 en Buenos Aires el \u201c3er Festival Puntal &#8211; el violonchelo en las m\u00fasicas populares\u201d"},"content":{"rendered":"<p>Llega una nueva edici\u00f3n del \u201c3er Festival Puntal &#8211; el violonchelo en las m\u00fasicas populares\u201d organizado desde las c\u00e1tedras de Violonchelo Folclore y Violonchelo Tango de la Carrera de M\u00fasica Popular Argentina del Conservatorio Superior de M\u00fasica Manuel de Falla de Argentina.<\/p>\n<p>&nbsp;<\/p>\n<p>El festival busca proporcionar un foro para el intercambio de m\u00fasica e ideas en el campo del violonchelo no cl\u00e1sico y alternativo, intentando adoptar todos los estilos que no se ense\u00f1an com\u00fanmente en las escuelas de m\u00fasica, especialmente aquellos que incorporan la improvisaci\u00f3n y su aplicaci\u00f3n a los diferentes g\u00e9neros de m\u00fasica popular como el folklore, el tango, el rock, el jazz, y la m\u00fasica latinoamericana en general.<\/p>\n<p>&nbsp;<\/p>\n<p>En esta oportunidad el festival contar\u00e1 con la participaci\u00f3n de: Adri\u00e1n Borgarelli (Uruguay), Luc\u00eda Espeche (Neuqu\u00e9n, Argentina), Iv\u00e1n Tovar Quevedo (Colombia), Regina Manfredi (Ciudad de Buenos Aires, Argentina), Cecilia Quinteros (Ciudad de Buenos Aires, Argentina), Rafael Delgado (Ciudad de Buenos Aires, Argentina), Bruma (Santa Fe, Argentina), Leandro Gl\u00fczmann (Ciudad de Buenos Aires, Argentina), Eydybel Alvarado (Buenos Aires), Natacha Naim (Buenos Aires) y Adriana Roa Alfonso (Colombia). Todas las actividades son gratuitas y se realizar\u00e1n de forma presencial.<\/p>\n<p>&nbsp;<\/p>\n<p>Tanto Rafael Delgado, Iv\u00e1n Tovar Quevedo, Adriana Roa Alfonso y Cecilia Quinteros han ganado premios y ayudas en diversas convocatorias del Programa Iberm\u00fasicas.<\/p>\n<p>&nbsp;<\/p>\n<ul>\n<li>Del martes 1 al viernes 4 de octubre, en el Conservatorio Superior de M\u00fasica Manuel de Falla (Gallo 238), en la Escuela Superior de Ense\u00f1anza Art\u00edstica en M\u00fasica Juan Pedro Esnaola (Cris\u00f3logo Larralde 5085) y en la Direcci\u00f3n General de Ense\u00f1anza Art\u00edstica (Per\u00fa 372).<\/li>\n<\/ul>\n<p>&nbsp;<\/p>\n<p>Inscripciones a los talleres y a la orquesta de violeochelos en: <a href=\"https:\/\/forms.gle\/EzzvTm6D92BeCMbN9\">https:\/\/forms.gle\/EzzvTm6D92BeCMbN9<\/a><\/p>\n<p>&nbsp;<\/p>\n","protected":false},"excerpt":{"rendered":"<p>Llega una nueva edici\u00f3n del \u201c3er Festival Puntal &#8211; el violonchelo en las m\u00fasicas populares\u201d organizado desde las c\u00e1tedras de Violonchelo Folclore y Violonchelo Tango de la Carrera de M\u00fasica Popular Argentina del Conservatorio Superior de M\u00fasica Manuel de Falla de Argentina. &nbsp; El festival busca proporcionar un foro para el intercambio de m\u00fasica e [&hellip;]<\/p>\n","protected":false},"author":7,"featured_media":20260,"comment_status":"closed","ping_status":"closed","sticky":false,"template":"","format":"standard","meta":{"footnotes":""},"categories":[53],"tags":[],"class_list":["post-20259","post","type-post","status-publish","format-standard","has-post-thumbnail","hentry","category-noticias-generales"],"lang":"es","translations":{"es":20259,"pt":20262},"pll_sync_post":[],"post_mailing_queue_ids":[],"_links":{"self":[{"href":"http:\/\/staging.ibermusicas.org\/index.php\/wp-json\/wp\/v2\/posts\/20259","targetHints":{"allow":["GET"]}}],"collection":[{"href":"http:\/\/staging.ibermusicas.org\/index.php\/wp-json\/wp\/v2\/posts"}],"about":[{"href":"http:\/\/staging.ibermusicas.org\/index.php\/wp-json\/wp\/v2\/types\/post"}],"author":[{"embeddable":true,"href":"http:\/\/staging.ibermusicas.org\/index.php\/wp-json\/wp\/v2\/users\/7"}],"replies":[{"embeddable":true,"href":"http:\/\/staging.ibermusicas.org\/index.php\/wp-json\/wp\/v2\/comments?post=20259"}],"version-history":[{"count":1,"href":"http:\/\/staging.ibermusicas.org\/index.php\/wp-json\/wp\/v2\/posts\/20259\/revisions"}],"predecessor-version":[{"id":20261,"href":"http:\/\/staging.ibermusicas.org\/index.php\/wp-json\/wp\/v2\/posts\/20259\/revisions\/20261"}],"wp:featuredmedia":[{"embeddable":true,"href":"http:\/\/staging.ibermusicas.org\/index.php\/wp-json\/wp\/v2\/media\/20260"}],"wp:attachment":[{"href":"http:\/\/staging.ibermusicas.org\/index.php\/wp-json\/wp\/v2\/media?parent=20259"}],"wp:term":[{"taxonomy":"category","embeddable":true,"href":"http:\/\/staging.ibermusicas.org\/index.php\/wp-json\/wp\/v2\/categories?post=20259"},{"taxonomy":"post_tag","embeddable":true,"href":"http:\/\/staging.ibermusicas.org\/index.php\/wp-json\/wp\/v2\/tags?post=20259"}],"curies":[{"name":"wp","href":"https:\/\/api.w.org\/{rel}","templated":true}]}}