{"id":20262,"date":"2024-09-30T19:31:49","date_gmt":"2024-09-30T19:31:49","guid":{"rendered":"http:\/\/staging.ibermusicas.org\/?p=20262"},"modified":"2024-12-04T14:43:51","modified_gmt":"2024-12-04T14:43:51","slug":"o-3o-festival-puntal-o-violoncelo-na-musica-popular-sera-realizado-em-buenos-aires","status":"publish","type":"post","link":"http:\/\/staging.ibermusicas.org\/index.php\/o-3o-festival-puntal-o-violoncelo-na-musica-popular-sera-realizado-em-buenos-aires\/","title":{"rendered":"O \u201c3\u00ba Festival Puntal &#8211; o violoncelo na m\u00fasica popular\u201d ser\u00e1 realizado em Buenos Aires"},"content":{"rendered":"<p>Uma nova edi\u00e7\u00e3o do \u201c3\u00ba Festival Puntal &#8211; o violoncelo na m\u00fasica popular\u201d, organizado pelos departamentos de Violoncelo Folcl\u00f3rico e Violoncelo Tango do Departamento de M\u00fasica Popular Argentina do Conservat\u00f3rio Superior de M\u00fasica Manuel de Falla da Argentina, est\u00e1 chegando a Buenos Aires.<\/p>\n<p>O festival busca proporcionar um f\u00f3rum para o interc\u00e2mbio de m\u00fasica e ideias no campo do violoncelo n\u00e3o cl\u00e1ssico e alternativo, tentando abranger todos os estilos que n\u00e3o s\u00e3o comumente ensinados nas escolas de m\u00fasica, especialmente aqueles que incorporam a improvisa\u00e7\u00e3o e sua aplica\u00e7\u00e3o a diferentes g\u00eaneros de m\u00fasica popular, como folclore, tango, rock, jazz e m\u00fasica latino-americana em geral.<\/p>\n<p>Nessa ocasi\u00e3o, o festival contar\u00e1 com a participa\u00e7\u00e3o de: Adri\u00e1n Borgarelli (Uruguai), Luc\u00eda Espeche (Neuqu\u00e9n, Argentina), Iv\u00e1n Tovar Quevedo (Col\u00f4mbia), Regina Manfredi (Cidade de Buenos Aires, Argentina), Cecilia Quinteros (Cidade de Buenos Aires, Argentina), Rafael Delgado (Cidade de Buenos Aires, Argentina), Bruma (Santa F\u00e9, Argentina), Leandro Gl\u00fczmann (Cidade de Buenos Aires, Argentina), Eydybel Alvarado (Buenos Aires, Argentina), Natacha Naim (Buenos Aires, Argentina) e Adriana Roa Alfonso (Col\u00f4mbia). Todas as atividades s\u00e3o gratuitas e ser\u00e3o realizadas presencialmente.<\/p>\n<p>Rafael Delgado, Iv\u00e1n Tovar Quevedo, Adriana Roa Alfonso e Cecilia Quinteros ganharam pr\u00eamios e ajudas em v\u00e1rias convocat\u00f3rias do Programa Iberm\u00fasicas.<\/p>\n<p>&nbsp;<\/p>\n<p>&nbsp;<\/p>\n<ul>\n<li>De ter\u00e7a-feira, 1\u00ba, a sexta-feira, 4 de outubro, no Conservat\u00f3rio Superior de M\u00fasica Manuel de Falla (Gallo 238), na Escuela Superior de Ense\u00f1anza Art\u00edstica en M\u00fasica Juan Pedro Esnaola (Cris\u00f3logo Larralde 5085) e na Direcci\u00f3n General de Ense\u00f1anza Art\u00edstica (Per\u00fa 372).<\/li>\n<\/ul>\n<p>Inscri\u00e7\u00f5es para os workshops e para a orquestra de violeiros em: <a href=\"https:\/\/forms.gle\/EzzvTm6D92BeCMbN9\">https:\/\/forms.gle\/EzzvTm6D92BeCMbN9<br \/>\n<\/a><\/p>\n","protected":false},"excerpt":{"rendered":"<p>Uma nova edi\u00e7\u00e3o do \u201c3\u00ba Festival Puntal &#8211; o violoncelo na m\u00fasica popular\u201d, organizado pelos departamentos de Violoncelo Folcl\u00f3rico e Violoncelo Tango do Departamento de M\u00fasica Popular Argentina do Conservat\u00f3rio Superior de M\u00fasica Manuel de Falla da Argentina, est\u00e1 chegando a Buenos Aires. O festival busca proporcionar um f\u00f3rum para o interc\u00e2mbio de m\u00fasica e [&hellip;]<\/p>\n","protected":false},"author":7,"featured_media":20260,"comment_status":"closed","ping_status":"closed","sticky":false,"template":"","format":"standard","meta":{"footnotes":""},"categories":[218],"tags":[],"class_list":["post-20262","post","type-post","status-publish","format-standard","has-post-thumbnail","hentry","category-noticias-generales-pt"],"lang":"pt","translations":{"pt":20262,"es":20259},"pll_sync_post":[],"post_mailing_queue_ids":[],"_links":{"self":[{"href":"http:\/\/staging.ibermusicas.org\/index.php\/wp-json\/wp\/v2\/posts\/20262","targetHints":{"allow":["GET"]}}],"collection":[{"href":"http:\/\/staging.ibermusicas.org\/index.php\/wp-json\/wp\/v2\/posts"}],"about":[{"href":"http:\/\/staging.ibermusicas.org\/index.php\/wp-json\/wp\/v2\/types\/post"}],"author":[{"embeddable":true,"href":"http:\/\/staging.ibermusicas.org\/index.php\/wp-json\/wp\/v2\/users\/7"}],"replies":[{"embeddable":true,"href":"http:\/\/staging.ibermusicas.org\/index.php\/wp-json\/wp\/v2\/comments?post=20262"}],"version-history":[{"count":1,"href":"http:\/\/staging.ibermusicas.org\/index.php\/wp-json\/wp\/v2\/posts\/20262\/revisions"}],"predecessor-version":[{"id":20263,"href":"http:\/\/staging.ibermusicas.org\/index.php\/wp-json\/wp\/v2\/posts\/20262\/revisions\/20263"}],"wp:featuredmedia":[{"embeddable":true,"href":"http:\/\/staging.ibermusicas.org\/index.php\/wp-json\/wp\/v2\/media\/20260"}],"wp:attachment":[{"href":"http:\/\/staging.ibermusicas.org\/index.php\/wp-json\/wp\/v2\/media?parent=20262"}],"wp:term":[{"taxonomy":"category","embeddable":true,"href":"http:\/\/staging.ibermusicas.org\/index.php\/wp-json\/wp\/v2\/categories?post=20262"},{"taxonomy":"post_tag","embeddable":true,"href":"http:\/\/staging.ibermusicas.org\/index.php\/wp-json\/wp\/v2\/tags?post=20262"}],"curies":[{"name":"wp","href":"https:\/\/api.w.org\/{rel}","templated":true}]}}