{"id":20264,"date":"2024-09-30T19:43:35","date_gmt":"2024-09-30T19:43:35","guid":{"rendered":"http:\/\/staging.ibermusicas.org\/?p=20264"},"modified":"2024-12-04T14:46:53","modified_gmt":"2024-12-04T14:46:53","slug":"el-compositor-brasileno-rodrigo-lima-comienza-su-residencia-creativa-con-el-sigma-project-en-espana","status":"publish","type":"post","link":"http:\/\/staging.ibermusicas.org\/index.php\/el-compositor-brasileno-rodrigo-lima-comienza-su-residencia-creativa-con-el-sigma-project-en-espana\/","title":{"rendered":"El compositor brasile\u00f1o Rodrigo Lima comienza su residencia creativa con el SIGMA Project en Espa\u00f1a"},"content":{"rendered":"<p>El compositor brasile\u00f1o Rodrigo Lima inicia su residencia art\u00edstica de tres semanas en las ciudades de Madrid, Badajoz y Pamplona, Espa\u00f1a en la cual establecer\u00e1 un laboratorio creativo con los m\u00fasicos del SIGMA Project, cuarteto de saxofones que es referente dentro y fuera de Espa\u00f1a por sus cualidades art\u00edsticas y su vocaci\u00f3n colaborativa con diversos compositores de todo el mundo. El resultado ser\u00e1 una nueva composici\u00f3n para cuarteto de saxofones que se estrenar\u00e1 durante el XVI Ciclo de M\u00fasica Actual en la ciudad de Badajoz.<\/p>\n<p>&nbsp;<\/p>\n<p>Art\u00edsticamente, el proyecto elige el ritmo como personaje central en el desarrollo de la m\u00fasica, de ah\u00ed el t\u00edtulo de \u00abTambor\u00bb para la obra. El tambor como instrumento es sin\u00f3nimo de ancestralidad, evoca conocimientos y gram\u00e1ticas propias que revelan historias y mundos sonoros distintos. En el proceso compositivo, existe una necesidad de simbiosis entre el mundo de la creaci\u00f3n contempor\u00e1nea y la relaci\u00f3n visceral entre danza y corporeidad, buscando que la pr\u00e1ctica interpretativa sea tambi\u00e9n una experiencia del cuerpo.<\/p>\n<p>Rodrigo Lima es uno de los compositores brasile\u00f1os m\u00e1s activos de su generaci\u00f3n, cuya obra se presenta constantemente en festivales y salas de conciertos de Brasil, Am\u00e9rica Latina, Europa y Estados Unidos. Su producci\u00f3n se caracteriza sobre todo por la colaboraci\u00f3n con int\u00e9rpretes de Brasil y del extranjero. Ha recibido importantes premios nacionales e internacionales. Actualmente es profesor de composici\u00f3n en la EMESP &#8211; Escola de M\u00fasica do Estado de S\u00e3o Paulo y sus partituras son publicadas por Universal Edition (Austria) y Babel Score (Francia).<\/p>\n<p>&nbsp;<\/p>\n<p>SIGMA Project (o lo que es lo mismo, el sumatorio de talentos de Andr\u00e9s Gomis, \u00c1ngel Soria, Alberto Chaves y Josetxo Silguero) es m\u00e1s que un cuarteto de saxofones, es un veh\u00edculo imprescindible para la m\u00fasica instrumental del siglo XXI. Si el cuarteto de cuerda fue el instrumento por excelencia en los siglos pasados, SIGMA Project, en el siglo XXI, reivindica ese papel para el cuarteto de saxofones. Con base en Madrid desde su fundaci\u00f3n, el SIGMA Project, aut\u00e9nticos \u2018Ardittis\u2018 del saxof\u00f3n (as\u00ed designados por la revista Scherzo), ha realizado m\u00e1s de 150 conciertos en auditorios y festivales de medio mundo: Estados Unidos, Jamaica, Buenos Aires (Teatro Col\u00f3n), Bogot\u00e1 (Teatro Mayor), M\u00e9xico (Palacio de Bellas Artes), Chile (Auditorio GAM), Alemania, Francia, Escocia, Inglaterra, Italia, Polonia, Ruman\u00eda, Croacia, T\u00fanez, incluyendo asimismo su propio circuito en Espa\u00f1a.<\/p>\n<p>&nbsp;<\/p>\n<p>Esta residencia de Rodrigo Lima con el SIGMA Project se hace posible gracias al apoyo del Programa Iberm\u00fasicas mediante sus Ayudas a Compositores para Residencias Art\u00edsticas, convocatoria 2023.<\/p>\n<p>&nbsp;<\/p>\n<ul>\n<li>Desde el 1ero de octubre en la Facultad de M\u00fasica de la Universidad Alfonso X el Sabio de Madrid, Madrid, Badajoz y Pamplona Espa\u00f1a<\/li>\n<li>Viernes 4 de octubre 20h30 estreno absoluto de \u00abTambor, para cuarteto de saxofones\u00bb en el Museo Extreme\u00f1o de Arte Contempor\u00e1neo dentro del XVI Ciclo de M\u00fasica Actual en la ciudad de Badajoz.<\/li>\n<li>Del 6 al 13 de octubre: Bienal Internacional de Cultura, Arte y Pensamiento de Pamplona, Espa\u00f1a<\/li>\n<\/ul>\n","protected":false},"excerpt":{"rendered":"<p>El compositor brasile\u00f1o Rodrigo Lima inicia su residencia art\u00edstica de tres semanas en las ciudades de Madrid, Badajoz y Pamplona, Espa\u00f1a en la cual establecer\u00e1 un laboratorio creativo con los m\u00fasicos del SIGMA Project, cuarteto de saxofones que es referente dentro y fuera de Espa\u00f1a por sus cualidades art\u00edsticas y su vocaci\u00f3n colaborativa con diversos [&hellip;]<\/p>\n","protected":false},"author":7,"featured_media":20265,"comment_status":"closed","ping_status":"closed","sticky":false,"template":"","format":"standard","meta":{"footnotes":""},"categories":[53],"tags":[],"class_list":["post-20264","post","type-post","status-publish","format-standard","has-post-thumbnail","hentry","category-noticias-generales"],"lang":"es","translations":{"es":20264,"pt":20267},"pll_sync_post":[],"post_mailing_queue_ids":[],"_links":{"self":[{"href":"http:\/\/staging.ibermusicas.org\/index.php\/wp-json\/wp\/v2\/posts\/20264","targetHints":{"allow":["GET"]}}],"collection":[{"href":"http:\/\/staging.ibermusicas.org\/index.php\/wp-json\/wp\/v2\/posts"}],"about":[{"href":"http:\/\/staging.ibermusicas.org\/index.php\/wp-json\/wp\/v2\/types\/post"}],"author":[{"embeddable":true,"href":"http:\/\/staging.ibermusicas.org\/index.php\/wp-json\/wp\/v2\/users\/7"}],"replies":[{"embeddable":true,"href":"http:\/\/staging.ibermusicas.org\/index.php\/wp-json\/wp\/v2\/comments?post=20264"}],"version-history":[{"count":1,"href":"http:\/\/staging.ibermusicas.org\/index.php\/wp-json\/wp\/v2\/posts\/20264\/revisions"}],"predecessor-version":[{"id":20266,"href":"http:\/\/staging.ibermusicas.org\/index.php\/wp-json\/wp\/v2\/posts\/20264\/revisions\/20266"}],"wp:featuredmedia":[{"embeddable":true,"href":"http:\/\/staging.ibermusicas.org\/index.php\/wp-json\/wp\/v2\/media\/20265"}],"wp:attachment":[{"href":"http:\/\/staging.ibermusicas.org\/index.php\/wp-json\/wp\/v2\/media?parent=20264"}],"wp:term":[{"taxonomy":"category","embeddable":true,"href":"http:\/\/staging.ibermusicas.org\/index.php\/wp-json\/wp\/v2\/categories?post=20264"},{"taxonomy":"post_tag","embeddable":true,"href":"http:\/\/staging.ibermusicas.org\/index.php\/wp-json\/wp\/v2\/tags?post=20264"}],"curies":[{"name":"wp","href":"https:\/\/api.w.org\/{rel}","templated":true}]}}