{"id":20267,"date":"2024-09-30T19:45:33","date_gmt":"2024-09-30T19:45:33","guid":{"rendered":"http:\/\/staging.ibermusicas.org\/?p=20267"},"modified":"2024-12-04T14:43:56","modified_gmt":"2024-12-04T14:43:56","slug":"o-compositor-brasileiro-rodrigo-lima-inicia-a-sua-residencia-criativa-com-o-sigma-project-da-espanha","status":"publish","type":"post","link":"http:\/\/staging.ibermusicas.org\/index.php\/o-compositor-brasileiro-rodrigo-lima-inicia-a-sua-residencia-criativa-com-o-sigma-project-da-espanha\/","title":{"rendered":"O compositor brasileiro Rodrigo Lima inicia a sua resid\u00eancia criativa com o SIGMA Project da Espanha"},"content":{"rendered":"<p>O compositor brasileiro Rodrigo Lima inicia a sua resid\u00eancia criativa\u00a0 de tr\u00eas semanas nas cidades de Madrid, Badajoz e Pamplona, Espanha na qual estabelecer\u00e1 um laborat\u00f3rio de cria\u00e7\u00e3o com os m\u00fasicos do SIGMA Project, quarteto de saxofones de refer\u00eancia dentro e fora da Espanha por suas qualidades art\u00edsticas e sua voca\u00e7\u00e3o colaborativa com diversos compositores mundo a fora. O resultado ser\u00e1 uma nova composi\u00e7\u00e3o para quarteto de saxofones que ser\u00e1 estreado durante o XVI Ciclo de M\u00fasica Actual na cidade de Badajoz.<\/p>\n<p>&nbsp;<\/p>\n<p>Artisticamente, o projeto elege o ritmo como personagem central do desenvolvimento da m\u00fasica, da\u00ed o t\u00edtulo \u201cTambor\u201d para a obra. O tambor enquanto instrumento \u00e9 sin\u00f4nimo de ancestralidade, evoca saberes e gram\u00e1ticas pr\u00f3prias que nos revelam hist\u00f3rias e mundos sonoros distintos. H\u00e1 no processo composicional uma necessidade de simbiose entre o mundo da cria\u00e7\u00e3o contempor\u00e2nea e a rela\u00e7\u00e3o visceral entre dan\u00e7a e corporeidade, buscando fazer da pr\u00e1tica interpretativa uma experi\u00eancia tamb\u00e9m do corpo.<\/p>\n<p>&nbsp;<\/p>\n<p>Rodrigo Lima \u00e9 um dos mais atuantes compositores brasileiros de sua gera\u00e7\u00e3o cuja obra figura constantemente em festivais e salas de concerto no Brasil, Am\u00e9rica Latina, Europa e EUA. Sua produ\u00e7\u00e3o \u00e9 marcada sobretudo pelo trabalho colaborativo com int\u00e9rpretes no Brasil e no exterior. Recebeu importantes pr\u00eamios nacionais e internacionais. Atualmente \u00e9 professor de composi\u00e7\u00e3o da EMESP &#8211; Escola de M\u00fasica do Estado de S\u00e3o Paulo e suas partituras s\u00e3o publicadas pela Universal Edition (\u00c1ustria) e Babel Score (Fran\u00e7a).<\/p>\n<p>&nbsp;<\/p>\n<p>O Projeto SIGMA (ou, em outras palavras, a soma dos talentos de Andr\u00e9s Gomis, \u00c1ngel Soria, Alberto Chaves e Josetxo Silguero) \u00e9 mais do que um quarteto de saxofones, \u00e9 um ve\u00edculo essencial para a m\u00fasica instrumental do s\u00e9culo XXI. Se o quarteto de cordas foi o instrumento por excel\u00eancia nos s\u00e9culos passados, o Projeto SIGMA, no s\u00e9culo XXI, reivindica esse papel para o quarteto de saxofones. Sediado em Madri desde a sua funda\u00e7\u00e3o, o Projeto SIGMA, aut\u00eantico \u201cArdittis\u201d do saxofone (assim chamado pela revista Scherzo), j\u00e1 realizou mais de 150 concertos em audit\u00f3rios e festivais em todo o mundo: Estados Unidos, Jamaica, Buenos Aires (Teatro Col\u00f3n), Bogot\u00e1 (Teatro Mayor), M\u00e9xico (Palacio de Bellas Artes), Chile (Auditorio GAM), Alemanha, Fran\u00e7a, Esc\u00f3cia, Inglaterra, It\u00e1lia, Pol\u00f4nia, Rom\u00eania, Cro\u00e1cia, Tun\u00edsia, incluindo seu pr\u00f3prio circuito na Espanha.<\/p>\n<p>&nbsp;<\/p>\n<p>A resid\u00eancia de Rodrigo Lima com o SIGMA Project \u00e9 poss\u00edvel gra\u00e7as ao apoio do Programa Iberm\u00fasicas atrav\u00e9s de suas Ajudas para Compositores para Resid\u00eancias Art\u00edsticas, chamada 2023.<\/p>\n<p>&nbsp;<\/p>\n<ul>\n<li>A partir de 1\u00ba de outubro, na Faculdade de M\u00fasica da Universidade Alfonso X el Sabio de Madri, Madri, Badajoz e Pamplona, Espanha<\/li>\n<li>Sexta-feira, 4 de outubro, \u00e0s 20h30, estreia de \u201cTambor, para quarteto de saxofones\u201d no Museo Extreme\u00f1o de Arte Contempor\u00e1neo, dentro do XVI Ciclo de M\u00fasica Atual, na cidade de Badajoz<\/li>\n<li>De 6 a 13 de outubro: Bienal Internacional de Cultura, Arte e Pensamento de Pamplona, Espanha<\/li>\n<\/ul>\n","protected":false},"excerpt":{"rendered":"<p>O compositor brasileiro Rodrigo Lima inicia a sua resid\u00eancia criativa\u00a0 de tr\u00eas semanas nas cidades de Madrid, Badajoz e Pamplona, Espanha na qual estabelecer\u00e1 um laborat\u00f3rio de cria\u00e7\u00e3o com os m\u00fasicos do SIGMA Project, quarteto de saxofones de refer\u00eancia dentro e fora da Espanha por suas qualidades art\u00edsticas e sua voca\u00e7\u00e3o colaborativa com diversos compositores [&hellip;]<\/p>\n","protected":false},"author":7,"featured_media":20265,"comment_status":"closed","ping_status":"closed","sticky":false,"template":"","format":"standard","meta":{"footnotes":""},"categories":[218],"tags":[],"class_list":["post-20267","post","type-post","status-publish","format-standard","has-post-thumbnail","hentry","category-noticias-generales-pt"],"lang":"pt","translations":{"pt":20267,"es":20264},"pll_sync_post":[],"post_mailing_queue_ids":[],"_links":{"self":[{"href":"http:\/\/staging.ibermusicas.org\/index.php\/wp-json\/wp\/v2\/posts\/20267","targetHints":{"allow":["GET"]}}],"collection":[{"href":"http:\/\/staging.ibermusicas.org\/index.php\/wp-json\/wp\/v2\/posts"}],"about":[{"href":"http:\/\/staging.ibermusicas.org\/index.php\/wp-json\/wp\/v2\/types\/post"}],"author":[{"embeddable":true,"href":"http:\/\/staging.ibermusicas.org\/index.php\/wp-json\/wp\/v2\/users\/7"}],"replies":[{"embeddable":true,"href":"http:\/\/staging.ibermusicas.org\/index.php\/wp-json\/wp\/v2\/comments?post=20267"}],"version-history":[{"count":1,"href":"http:\/\/staging.ibermusicas.org\/index.php\/wp-json\/wp\/v2\/posts\/20267\/revisions"}],"predecessor-version":[{"id":20268,"href":"http:\/\/staging.ibermusicas.org\/index.php\/wp-json\/wp\/v2\/posts\/20267\/revisions\/20268"}],"wp:featuredmedia":[{"embeddable":true,"href":"http:\/\/staging.ibermusicas.org\/index.php\/wp-json\/wp\/v2\/media\/20265"}],"wp:attachment":[{"href":"http:\/\/staging.ibermusicas.org\/index.php\/wp-json\/wp\/v2\/media?parent=20267"}],"wp:term":[{"taxonomy":"category","embeddable":true,"href":"http:\/\/staging.ibermusicas.org\/index.php\/wp-json\/wp\/v2\/categories?post=20267"},{"taxonomy":"post_tag","embeddable":true,"href":"http:\/\/staging.ibermusicas.org\/index.php\/wp-json\/wp\/v2\/tags?post=20267"}],"curies":[{"name":"wp","href":"https:\/\/api.w.org\/{rel}","templated":true}]}}