{"id":20269,"date":"2024-09-30T19:48:41","date_gmt":"2024-09-30T19:48:41","guid":{"rendered":"http:\/\/staging.ibermusicas.org\/?p=20269"},"modified":"2024-12-04T14:46:58","modified_gmt":"2024-12-04T14:46:58","slug":"llega-el-encuentro-mujer-disidencia-musica-y-territorio-mim-latam-vol-4","status":"publish","type":"post","link":"http:\/\/staging.ibermusicas.org\/index.php\/llega-el-encuentro-mujer-disidencia-musica-y-territorio-mim-latam-vol-4\/","title":{"rendered":"Llega el Encuentro Mujer, Disidencia, M\u00fasica y Territorio (MIM LATAM) Vol.4"},"content":{"rendered":"<p>El Encuentro Mujer, Disidencia, M\u00fasica y Territorio regresa en su cuarta edici\u00f3n, reafirmando su compromiso de destacar el papel de las mujeres y disidencias en la industria musical latinoamericana. Con una firme convicci\u00f3n en la promoci\u00f3n de la equidad de g\u00e9nero y el fortalecimiento de las voces subrepresentadas, este evento, organizado por MIM LATAM, aspira a ser un espacio de di\u00e1logo, intercambio y aprendizaje que fomente la equidad de g\u00e9nero en la m\u00fasica y genere un cambio positivo en toda la regi\u00f3n.<\/p>\n<p>&nbsp;<\/p>\n<p>Su enfoque radica en tejer redes de apoyo y conocimiento que trasciendan fronteras, propiciando as\u00ed un ambiente m\u00e1s inclusivo y diverso en la industria musical. Mediante un programa enriquecido con di\u00e1logos, talleres, presentaciones y showcases. El encuentro invita a participantes de todo el continente a sumergirse en una experiencia transformadora. Aqu\u00ed, la equidad de g\u00e9nero en la m\u00fasica no es solo un ideal, sino una pr\u00e1ctica viva y en constante desarrollo.<\/p>\n<p>&nbsp;<\/p>\n<p>Desde su primera edici\u00f3n en 2021, MIM LATAM ha emergido como un faro de inspiraci\u00f3n y cambio en la industria musical latinoamericana. La cuarta edici\u00f3n de MIM LATAM se llevar\u00e1 a cabo en la Ciudad de Panam\u00e1, reuniendo a artistas, m\u00fasicas, productoras, programadoras, ingenieras de audio, managers, gestoras culturales y al p\u00fablico en general, ofreciendo un variado programa que incluye masterclass, talleres, charlas, conversatorios, showcases, conciertos, musicales, documentales, libros, mesas de di\u00e1logos, networking, playlist, podcasts y otras actividades.<\/p>\n<p>&nbsp;<\/p>\n<p>Esta edici\u00f3n contar\u00e1 con el apoyo de Iberm\u00fasicas y del Ministerio de Cultura de Panam\u00e1. Contar\u00e1 la participaci\u00f3n de las artistas Lorena Blume (Per\u00fa), quien estar\u00e1 en los showcases \u201cEllas Cantautoras\u201d; Audri Funk (M\u00e9xico) y Ximbo (M\u00e9xico), representando \u201cEllas Hip Hop\u201d; Cata Raybaud (Argentina) en \u201cEllas Cantautoras\u201d y representando a \u201cVoces con Orgullo\u201d y el expositor Ulises Sanher de Equal Music (M\u00e9xico) en el Panel Narrativas Diversas , LGBTIQ+ en los Medios de Comunicaci\u00f3n.<\/p>\n<p>&nbsp;<\/p>\n<ul>\n<li>Del 1 al 5 de octubre en Ciudad de Panam\u00e1. M\u00e1s informaci\u00f3n en <a href=\"http:\/\/www.mimlatam.com\/\">mimlatam.com<\/a><\/li>\n<\/ul>\n","protected":false},"excerpt":{"rendered":"<p>El Encuentro Mujer, Disidencia, M\u00fasica y Territorio regresa en su cuarta edici\u00f3n, reafirmando su compromiso de destacar el papel de las mujeres y disidencias en la industria musical latinoamericana. Con una firme convicci\u00f3n en la promoci\u00f3n de la equidad de g\u00e9nero y el fortalecimiento de las voces subrepresentadas, este evento, organizado por MIM LATAM, aspira [&hellip;]<\/p>\n","protected":false},"author":7,"featured_media":20270,"comment_status":"closed","ping_status":"closed","sticky":false,"template":"","format":"standard","meta":{"footnotes":""},"categories":[53],"tags":[],"class_list":["post-20269","post","type-post","status-publish","format-standard","has-post-thumbnail","hentry","category-noticias-generales"],"lang":"es","translations":{"es":20269,"pt":20272},"pll_sync_post":[],"post_mailing_queue_ids":[],"_links":{"self":[{"href":"http:\/\/staging.ibermusicas.org\/index.php\/wp-json\/wp\/v2\/posts\/20269","targetHints":{"allow":["GET"]}}],"collection":[{"href":"http:\/\/staging.ibermusicas.org\/index.php\/wp-json\/wp\/v2\/posts"}],"about":[{"href":"http:\/\/staging.ibermusicas.org\/index.php\/wp-json\/wp\/v2\/types\/post"}],"author":[{"embeddable":true,"href":"http:\/\/staging.ibermusicas.org\/index.php\/wp-json\/wp\/v2\/users\/7"}],"replies":[{"embeddable":true,"href":"http:\/\/staging.ibermusicas.org\/index.php\/wp-json\/wp\/v2\/comments?post=20269"}],"version-history":[{"count":1,"href":"http:\/\/staging.ibermusicas.org\/index.php\/wp-json\/wp\/v2\/posts\/20269\/revisions"}],"predecessor-version":[{"id":20271,"href":"http:\/\/staging.ibermusicas.org\/index.php\/wp-json\/wp\/v2\/posts\/20269\/revisions\/20271"}],"wp:featuredmedia":[{"embeddable":true,"href":"http:\/\/staging.ibermusicas.org\/index.php\/wp-json\/wp\/v2\/media\/20270"}],"wp:attachment":[{"href":"http:\/\/staging.ibermusicas.org\/index.php\/wp-json\/wp\/v2\/media?parent=20269"}],"wp:term":[{"taxonomy":"category","embeddable":true,"href":"http:\/\/staging.ibermusicas.org\/index.php\/wp-json\/wp\/v2\/categories?post=20269"},{"taxonomy":"post_tag","embeddable":true,"href":"http:\/\/staging.ibermusicas.org\/index.php\/wp-json\/wp\/v2\/tags?post=20269"}],"curies":[{"name":"wp","href":"https:\/\/api.w.org\/{rel}","templated":true}]}}