{"id":20272,"date":"2024-09-30T19:50:13","date_gmt":"2024-09-30T19:50:13","guid":{"rendered":"http:\/\/staging.ibermusicas.org\/?p=20272"},"modified":"2024-12-04T14:44:02","modified_gmt":"2024-12-04T14:44:02","slug":"chega-o-encuentro-mujer-disidencia-musica-y-territorio-mim-latam-vol-4","status":"publish","type":"post","link":"http:\/\/staging.ibermusicas.org\/index.php\/chega-o-encuentro-mujer-disidencia-musica-y-territorio-mim-latam-vol-4\/","title":{"rendered":"Chega o Encuentro Mujer, Disidencia, M\u00fasica y Territorio (MIM LATAM) Vol.4"},"content":{"rendered":"<p>O Encuentro Mujer, Disidencia, M\u00fasica y Territorio retorna para sua quarta edi\u00e7\u00e3o, reafirmando seu compromisso de destacar o papel das mulheres e dissidentes na ind\u00fastria musical latino-americana. Com a firme convic\u00e7\u00e3o de promover a igualdade de g\u00eanero e fortalecer as vozes sub-representadas, esse evento, organizado pela MIM LATAM, tem como objetivo ser um espa\u00e7o de di\u00e1logo, interc\u00e2mbio e aprendizado que promova a igualdade de g\u00eanero na m\u00fasica e gere mudan\u00e7as positivas em toda a regi\u00e3o.<\/p>\n<p>&nbsp;<\/p>\n<p>Seu foco est\u00e1 na cria\u00e7\u00e3o de redes de apoio e conhecimento que transcendam as fronteiras, promovendo assim um ambiente mais inclusivo e diversificado no setor musical. Por meio de um programa enriquecido com di\u00e1logos, workshops, apresenta\u00e7\u00f5es e showcases. O encontro convida os participantes de todo o continente a mergulharem em uma experi\u00eancia transformadora. Aqui, a igualdade de g\u00eanero na m\u00fasica n\u00e3o \u00e9 apenas um ideal, mas uma pr\u00e1tica viva e em constante desenvolvimento.<\/p>\n<p>&nbsp;<\/p>\n<p>Desde sua primeira edi\u00e7\u00e3o em 2021, a MIM LATAM surgiu como um farol de inspira\u00e7\u00e3o e mudan\u00e7a no setor musical latino-americano. A quarta edi\u00e7\u00e3o do MIM LATAM ser\u00e1 realizada na Cidade do Panam\u00e1, reunindo artistas, m\u00fasicos, produtores, programadores, engenheiros de \u00e1udio, gerentes, gestores culturais e o p\u00fablico em geral, oferecendo um programa variado que inclui masterclasses, workshops, palestras, discuss\u00f5es, showcases, shows, musicais, document\u00e1rios, livros, mesas-redondas, networking, playlists, podcasts e outras atividades.<\/p>\n<p>&nbsp;<\/p>\n<p>Esta edi\u00e7\u00e3o contar\u00e1 com o apoio do Iberm\u00fasicas e do Minist\u00e9rio da Cultura do Panam\u00e1. Os artistas Lorena Blume (Peru) participar\u00e1 das vitrines \u201cEllas Cantautoras\u201d; Audri Funk (M\u00e9xico) e Ximbo (M\u00e9xico), representando \u201cEllas Hip Hop\u201d; Cata Raybaud (Argentina) em \u201cEllas Cantautoras\u201d e representando \u201cVoces con Orgullo\u201d e o palestrante Ulises Sanher da Equal Music (M\u00e9xico) no painel Narrativas Diversas, LGBTIQ+ na m\u00eddia.<\/p>\n<ul>\n<li>De 1 a 5 de outubro, na Cidade do Panam\u00e1. Mais informa\u00e7\u00f5es em www.mimlatam.com<\/li>\n<\/ul>\n","protected":false},"excerpt":{"rendered":"<p>O Encuentro Mujer, Disidencia, M\u00fasica y Territorio retorna para sua quarta edi\u00e7\u00e3o, reafirmando seu compromisso de destacar o papel das mulheres e dissidentes na ind\u00fastria musical latino-americana. Com a firme convic\u00e7\u00e3o de promover a igualdade de g\u00eanero e fortalecer as vozes sub-representadas, esse evento, organizado pela MIM LATAM, tem como objetivo ser um espa\u00e7o de [&hellip;]<\/p>\n","protected":false},"author":7,"featured_media":20270,"comment_status":"closed","ping_status":"closed","sticky":false,"template":"","format":"standard","meta":{"footnotes":""},"categories":[218],"tags":[],"class_list":["post-20272","post","type-post","status-publish","format-standard","has-post-thumbnail","hentry","category-noticias-generales-pt"],"lang":"pt","translations":{"pt":20272,"es":20269},"pll_sync_post":[],"post_mailing_queue_ids":[],"_links":{"self":[{"href":"http:\/\/staging.ibermusicas.org\/index.php\/wp-json\/wp\/v2\/posts\/20272","targetHints":{"allow":["GET"]}}],"collection":[{"href":"http:\/\/staging.ibermusicas.org\/index.php\/wp-json\/wp\/v2\/posts"}],"about":[{"href":"http:\/\/staging.ibermusicas.org\/index.php\/wp-json\/wp\/v2\/types\/post"}],"author":[{"embeddable":true,"href":"http:\/\/staging.ibermusicas.org\/index.php\/wp-json\/wp\/v2\/users\/7"}],"replies":[{"embeddable":true,"href":"http:\/\/staging.ibermusicas.org\/index.php\/wp-json\/wp\/v2\/comments?post=20272"}],"version-history":[{"count":1,"href":"http:\/\/staging.ibermusicas.org\/index.php\/wp-json\/wp\/v2\/posts\/20272\/revisions"}],"predecessor-version":[{"id":20273,"href":"http:\/\/staging.ibermusicas.org\/index.php\/wp-json\/wp\/v2\/posts\/20272\/revisions\/20273"}],"wp:featuredmedia":[{"embeddable":true,"href":"http:\/\/staging.ibermusicas.org\/index.php\/wp-json\/wp\/v2\/media\/20270"}],"wp:attachment":[{"href":"http:\/\/staging.ibermusicas.org\/index.php\/wp-json\/wp\/v2\/media?parent=20272"}],"wp:term":[{"taxonomy":"category","embeddable":true,"href":"http:\/\/staging.ibermusicas.org\/index.php\/wp-json\/wp\/v2\/categories?post=20272"},{"taxonomy":"post_tag","embeddable":true,"href":"http:\/\/staging.ibermusicas.org\/index.php\/wp-json\/wp\/v2\/tags?post=20272"}],"curies":[{"name":"wp","href":"https:\/\/api.w.org\/{rel}","templated":true}]}}