{"id":20274,"date":"2024-09-30T19:54:26","date_gmt":"2024-09-30T19:54:26","guid":{"rendered":"http:\/\/staging.ibermusicas.org\/?p=20274"},"modified":"2024-12-04T14:47:03","modified_gmt":"2024-12-04T14:47:03","slug":"el-colectivo-sorora-musica-representara-a-paraguay-en-el-encuentro-mujer-disidencia-musica-y-territorio-vol-4-mim-latam-en-la-ciudad-de-panama","status":"publish","type":"post","link":"http:\/\/staging.ibermusicas.org\/index.php\/el-colectivo-sorora-musica-representara-a-paraguay-en-el-encuentro-mujer-disidencia-musica-y-territorio-vol-4-mim-latam-en-la-ciudad-de-panama\/","title":{"rendered":"El Colectivo Sorora M\u00fasica representar\u00e1 a Paraguay en el Encuentro Mujer, Disidencia, M\u00fasica y Territorio Vol.4 (MIM LATAM) en la Ciudad de Panam\u00e1"},"content":{"rendered":"<p>Sorora M\u00fasica es un colectivo de mujeres que procura dar visibilizaci\u00f3n del trabajo de las mujeres en la m\u00fasica, mostrando los rostros de quienes est\u00e1n arriba y detr\u00e1s de los escenarios. El colectivo y Festival Sorora surgen de la necesidad de contar con una plataforma enfocada netamente al talento femenino, con la capacidad de potenciar y servir de semillero para nuevas propuestas, as\u00ed como conectar con las diversas escenas culturales de iberoam\u00e9rica. Actualmente, el colectivo est\u00e1 enfocado en generar espacios de di\u00e1logo, formaci\u00f3n e intercambio entre mujeres y disidencias del \u00e1mbito cultural paraguayo, como una postura pol\u00edtica para la b\u00fasqueda de soluciones colectivas a las diversas dificultades que atraviesan a la escena musical y creativa del Paraguay.<\/p>\n<p>&nbsp;<\/p>\n<p>Sorora estar\u00e1 presente en el Encuentro Mujer, Disidencia, M\u00fasica y Territorio Vol.4 organizado por MIM LATAM gracias al apoyo del programa Iberm\u00fasicas y de la Secretar\u00eda de Cultura del Paraguay. Ser\u00e1n parte de la delegaci\u00f3n: Roc\u00edo Robledo, Jessica Rivas Vierci, Stefy Ram\u00edrez y Jimena Riso.<\/p>\n<p>&nbsp;<\/p>\n<p>Roc\u00edo Robledo es Cantautora y Gestora SocioCultural de Asunci\u00f3n, Paraguay. Co-fundadora del Colectivo Sorora M\u00fasica.\u00a0 Forma parte de la banda \u201cLas Conchas Sin Mar\u201d a la par tambi\u00e9n lleva su carrera como solista.<\/p>\n<p>&nbsp;<\/p>\n<p>Jimena Riso es dise\u00f1adora y M\u00fasica de Asunci\u00f3n, Paraguay. Forma parte del colectivo Sorora M\u00fasica, se desempe\u00f1a principalmente en el \u00e1rea de dise\u00f1o y comunicaci\u00f3n visual. Guitarrista de la banda femenina de rock Evas desde el 2008.<\/p>\n<p>&nbsp;<\/p>\n<p>Stefy Ram\u00edrez es Cantautora, Gestora Cultural y Licenciada en comunicaci\u00f3n. Cuenta con un podcast, que lleva por nombre \u00abtripleagua\u00bb en donde comparte con diferentes proyectos de mujeres y disidencias que forman parte del ecosistema cultural. Forma parte del Colectivo Sorora M\u00fasica, en el \u00e1rea de Comunicaci\u00f3n.<\/p>\n<p>&nbsp;<\/p>\n<p>Jessica Rivas Vierci es dise\u00f1adora, comunicadora y fot\u00f3grafa de Asunci\u00f3n, Paraguay. Forma parte del Colectivo Sorora M\u00fasica, trabaja desde hace varios a\u00f1os en la estrategia y comunicaci\u00f3n de diversas propuestas musicales como Purah\u00e9i Soul, Kchiporros, Marcelo Soler, entre otros. Adem\u00e1s se desenvuelve como trabajadora freelancer colaborando con distintos proyectos con diversidad de g\u00e9neros y propuestas culturales en el pa\u00eds adem\u00e1s de la organizaci\u00f3n del Festival Sorora.<\/p>\n<p>&nbsp;<\/p>\n<ul>\n<li>Del 1 al 5 de octubre en Ciudad de Panam\u00e1<\/li>\n<\/ul>\n","protected":false},"excerpt":{"rendered":"<p>Sorora M\u00fasica es un colectivo de mujeres que procura dar visibilizaci\u00f3n del trabajo de las mujeres en la m\u00fasica, mostrando los rostros de quienes est\u00e1n arriba y detr\u00e1s de los escenarios. El colectivo y Festival Sorora surgen de la necesidad de contar con una plataforma enfocada netamente al talento femenino, con la capacidad de potenciar [&hellip;]<\/p>\n","protected":false},"author":7,"featured_media":20275,"comment_status":"closed","ping_status":"closed","sticky":false,"template":"","format":"standard","meta":{"footnotes":""},"categories":[53],"tags":[],"class_list":["post-20274","post","type-post","status-publish","format-standard","has-post-thumbnail","hentry","category-noticias-generales"],"lang":"es","translations":{"es":20274,"pt":20277},"pll_sync_post":[],"post_mailing_queue_ids":[],"_links":{"self":[{"href":"http:\/\/staging.ibermusicas.org\/index.php\/wp-json\/wp\/v2\/posts\/20274","targetHints":{"allow":["GET"]}}],"collection":[{"href":"http:\/\/staging.ibermusicas.org\/index.php\/wp-json\/wp\/v2\/posts"}],"about":[{"href":"http:\/\/staging.ibermusicas.org\/index.php\/wp-json\/wp\/v2\/types\/post"}],"author":[{"embeddable":true,"href":"http:\/\/staging.ibermusicas.org\/index.php\/wp-json\/wp\/v2\/users\/7"}],"replies":[{"embeddable":true,"href":"http:\/\/staging.ibermusicas.org\/index.php\/wp-json\/wp\/v2\/comments?post=20274"}],"version-history":[{"count":1,"href":"http:\/\/staging.ibermusicas.org\/index.php\/wp-json\/wp\/v2\/posts\/20274\/revisions"}],"predecessor-version":[{"id":20276,"href":"http:\/\/staging.ibermusicas.org\/index.php\/wp-json\/wp\/v2\/posts\/20274\/revisions\/20276"}],"wp:featuredmedia":[{"embeddable":true,"href":"http:\/\/staging.ibermusicas.org\/index.php\/wp-json\/wp\/v2\/media\/20275"}],"wp:attachment":[{"href":"http:\/\/staging.ibermusicas.org\/index.php\/wp-json\/wp\/v2\/media?parent=20274"}],"wp:term":[{"taxonomy":"category","embeddable":true,"href":"http:\/\/staging.ibermusicas.org\/index.php\/wp-json\/wp\/v2\/categories?post=20274"},{"taxonomy":"post_tag","embeddable":true,"href":"http:\/\/staging.ibermusicas.org\/index.php\/wp-json\/wp\/v2\/tags?post=20274"}],"curies":[{"name":"wp","href":"https:\/\/api.w.org\/{rel}","templated":true}]}}