{"id":20277,"date":"2024-09-30T19:55:41","date_gmt":"2024-09-30T19:55:41","guid":{"rendered":"http:\/\/staging.ibermusicas.org\/?p=20277"},"modified":"2024-12-04T14:44:06","modified_gmt":"2024-12-04T14:44:06","slug":"o-coletivo-sorora-musica-representara-o-paraguai-no-encuentro-mujer-disidencia-musica-y-territorio-vol-4-mim-latam-na-cidade-do-panama","status":"publish","type":"post","link":"http:\/\/staging.ibermusicas.org\/index.php\/o-coletivo-sorora-musica-representara-o-paraguai-no-encuentro-mujer-disidencia-musica-y-territorio-vol-4-mim-latam-na-cidade-do-panama\/","title":{"rendered":"O Coletivo Sorora M\u00fasica representar\u00e1 o Paraguai no Encuentro Mujer, Disidencia, M\u00fasica y Territorio Vol.4 (MIM LATAM) na Cidade do Panam\u00e1"},"content":{"rendered":"<p>Sorora M\u00fasica \u00e9 um coletivo de mulheres que procura dar visibilidade ao trabalho das mulheres na m\u00fasica, mostrando os rostos daquelas que est\u00e3o acima e atr\u00e1s das cenas. O coletivo e o Festival Sorora surgem da necessidade de contar com uma plataforma focada no talento feminino, com a capacidade de promover e servir de sementeira para novas propostas, bem como de se conectar com as diversas cenas culturais da Ibero-Am\u00e9rica. Atualmente, o coletivo est\u00e1 focado na gera\u00e7\u00e3o de espa\u00e7os de di\u00e1logo, treinamento e interc\u00e2mbio entre mulheres e dissidentes na esfera cultural paraguaia, como uma postura pol\u00edtica na busca de solu\u00e7\u00f5es coletivas para as diversas dificuldades enfrentadas pela cena musical e criativa do Paraguai.<\/p>\n<p>&nbsp;<\/p>\n<p>Sorora estar\u00e1 presente no Encuentro Mujer, Disidencia, M\u00fasica y Territorio Vol.4 organizado pela MIM LATAM gra\u00e7as ao apoio do programa Iberm\u00fasicas e da Secretar\u00eda de Cultura del Paraguay. A delega\u00e7\u00e3o ser\u00e1 composta por: Roc\u00edo Robledo, Jessica Rivas Vierci, Stefy Ram\u00edrez e Jimena Riso.<\/p>\n<p>&nbsp;<\/p>\n<p>Roc\u00edo Robledo \u00e9 uma cantora, compositora e gerente sociocultural de Assun\u00e7\u00e3o, Paraguai. Co-fundadora do Coletivo Sorora M\u00fasica.\u00a0 Ela \u00e9 membro da banda \u201cLas Conchas Sin Mar\u201d e tamb\u00e9m tem uma carreira solo.<\/p>\n<p>&nbsp;<\/p>\n<p>Jimena Riso \u00e9 uma designer e musicista de Assun\u00e7\u00e3o, Paraguai. Faz parte do coletivo Sorora M\u00fasica e trabalha principalmente na \u00e1rea de design e comunica\u00e7\u00e3o visual. \u00c9 guitarrista da banda de rock feminina Evas desde 2008.<\/p>\n<p>&nbsp;<\/p>\n<p>Stefy Ram\u00edrez \u00e9 cantora, compositora, gerente cultural e formada em comunica\u00e7\u00e3o. Ela tem um podcast chamado \u201ctripleagua\u201d, onde compartilha com diferentes projetos e dissid\u00eancias de mulheres que fazem parte do ecossistema cultural. Ela faz parte do Coletivo Sorora M\u00fasica, na \u00e1rea de Comunica\u00e7\u00e3o.<\/p>\n<p>&nbsp;<\/p>\n<p>Jessica Rivas Vierci \u00e9 uma designer, comunicadora e fot\u00f3grafa de Assun\u00e7\u00e3o, Paraguai. Faz parte do Coletivo Sorora M\u00fasica e trabalha h\u00e1 v\u00e1rios anos na estrat\u00e9gia e comunica\u00e7\u00e3o de v\u00e1rias propostas musicais, como Purah\u00e9i Soul, Kchiporros, Marcelo Soler, entre outros. Tamb\u00e9m trabalha como freelancer colaborando em diferentes projetos com uma diversidade de g\u00eaneros e propostas culturais no pa\u00eds, al\u00e9m da organiza\u00e7\u00e3o do Festival Sorora.<\/p>\n<p>&nbsp;<\/p>\n<ul>\n<li>De 1 a 5 de outubro na Cidade do Panam\u00e1<\/li>\n<\/ul>\n","protected":false},"excerpt":{"rendered":"<p>Sorora M\u00fasica \u00e9 um coletivo de mulheres que procura dar visibilidade ao trabalho das mulheres na m\u00fasica, mostrando os rostos daquelas que est\u00e3o acima e atr\u00e1s das cenas. O coletivo e o Festival Sorora surgem da necessidade de contar com uma plataforma focada no talento feminino, com a capacidade de promover e servir de sementeira [&hellip;]<\/p>\n","protected":false},"author":7,"featured_media":20275,"comment_status":"closed","ping_status":"closed","sticky":false,"template":"","format":"standard","meta":{"footnotes":""},"categories":[218],"tags":[],"class_list":["post-20277","post","type-post","status-publish","format-standard","has-post-thumbnail","hentry","category-noticias-generales-pt"],"lang":"pt","translations":{"pt":20277,"es":20274},"pll_sync_post":[],"post_mailing_queue_ids":[],"_links":{"self":[{"href":"http:\/\/staging.ibermusicas.org\/index.php\/wp-json\/wp\/v2\/posts\/20277","targetHints":{"allow":["GET"]}}],"collection":[{"href":"http:\/\/staging.ibermusicas.org\/index.php\/wp-json\/wp\/v2\/posts"}],"about":[{"href":"http:\/\/staging.ibermusicas.org\/index.php\/wp-json\/wp\/v2\/types\/post"}],"author":[{"embeddable":true,"href":"http:\/\/staging.ibermusicas.org\/index.php\/wp-json\/wp\/v2\/users\/7"}],"replies":[{"embeddable":true,"href":"http:\/\/staging.ibermusicas.org\/index.php\/wp-json\/wp\/v2\/comments?post=20277"}],"version-history":[{"count":1,"href":"http:\/\/staging.ibermusicas.org\/index.php\/wp-json\/wp\/v2\/posts\/20277\/revisions"}],"predecessor-version":[{"id":20278,"href":"http:\/\/staging.ibermusicas.org\/index.php\/wp-json\/wp\/v2\/posts\/20277\/revisions\/20278"}],"wp:featuredmedia":[{"embeddable":true,"href":"http:\/\/staging.ibermusicas.org\/index.php\/wp-json\/wp\/v2\/media\/20275"}],"wp:attachment":[{"href":"http:\/\/staging.ibermusicas.org\/index.php\/wp-json\/wp\/v2\/media?parent=20277"}],"wp:term":[{"taxonomy":"category","embeddable":true,"href":"http:\/\/staging.ibermusicas.org\/index.php\/wp-json\/wp\/v2\/categories?post=20277"},{"taxonomy":"post_tag","embeddable":true,"href":"http:\/\/staging.ibermusicas.org\/index.php\/wp-json\/wp\/v2\/tags?post=20277"}],"curies":[{"name":"wp","href":"https:\/\/api.w.org\/{rel}","templated":true}]}}