{"id":20298,"date":"2024-09-30T20:26:49","date_gmt":"2024-09-30T20:26:49","guid":{"rendered":"http:\/\/staging.ibermusicas.org\/?p=20298"},"modified":"2025-01-19T22:48:14","modified_gmt":"2025-01-19T22:48:14","slug":"la-cantautora-peruana-la-la-se-presentara-en-madrid-y-en-barcelona","status":"publish","type":"post","link":"http:\/\/staging.ibermusicas.org\/index.php\/la-cantautora-peruana-la-la-se-presentara-en-madrid-y-en-barcelona\/","title":{"rendered":"La cantautora peruana La L\u00e1 se presentar\u00e1 en Madrid y en Barcelona"},"content":{"rendered":"<p>La L\u00e1, cantautora y productora peruana reconocida en su pa\u00eds y en Latinoam\u00e9rica entre las m\u00e1s destacadas de la d\u00e9cada. Fusiona en sus canciones m\u00fasica tradicional del Per\u00fa con elementos de las m\u00fasicas del mundo como el jazz, la bossa nova, la guaracha y el bolero.<\/p>\n<p>&nbsp;<\/p>\n<p>Sus letras hablan sobre los sentimientos humanos en las coyunturas del patriarcado, el capitalismo y el cambio clim\u00e1tico. En su nuevo disco llamado \u00abDeb\u00fat\u00bb reflexiona sobre la ingenuidad de la mano de queridos artistas como Josean Log y Alejandro y Mar\u00eda Laura en las colaboraciones, e incursiona en nuevos g\u00e9neros como el merengue.<\/p>\n<p>&nbsp;<\/p>\n<p>Esta gira de La L\u00e1 por Espa\u00f1a cuenta con el apoyo del Programa Iberm\u00fasicas mediante sus Ayudas a la Circulaci\u00f3n, convocatoria 2023.<\/p>\n<p>&nbsp;<\/p>\n<ul>\n<li>5 de octubre en Jamboree, Barcelona, Espa\u00f1a<\/li>\n<li>6 de octubre, 20h: Open Folk, Barcelona, Espa\u00f1a<\/li>\n<\/ul>\n","protected":false},"excerpt":{"rendered":"<p>La L\u00e1, cantautora y productora peruana reconocida en su pa\u00eds y en Latinoam\u00e9rica entre las m\u00e1s destacadas de la d\u00e9cada. Fusiona en sus canciones m\u00fasica tradicional del Per\u00fa con elementos de las m\u00fasicas del mundo como el jazz, la bossa nova, la guaracha y el bolero. &nbsp; Sus letras hablan sobre los sentimientos humanos en [&hellip;]<\/p>\n","protected":false},"author":7,"featured_media":21327,"comment_status":"closed","ping_status":"closed","sticky":false,"template":"","format":"standard","meta":{"footnotes":""},"categories":[53],"tags":[],"class_list":["post-20298","post","type-post","status-publish","format-standard","has-post-thumbnail","hentry","category-noticias-generales"],"lang":"es","translations":{"es":20298,"pt":20301},"pll_sync_post":[],"post_mailing_queue_ids":[],"_links":{"self":[{"href":"http:\/\/staging.ibermusicas.org\/index.php\/wp-json\/wp\/v2\/posts\/20298","targetHints":{"allow":["GET"]}}],"collection":[{"href":"http:\/\/staging.ibermusicas.org\/index.php\/wp-json\/wp\/v2\/posts"}],"about":[{"href":"http:\/\/staging.ibermusicas.org\/index.php\/wp-json\/wp\/v2\/types\/post"}],"author":[{"embeddable":true,"href":"http:\/\/staging.ibermusicas.org\/index.php\/wp-json\/wp\/v2\/users\/7"}],"replies":[{"embeddable":true,"href":"http:\/\/staging.ibermusicas.org\/index.php\/wp-json\/wp\/v2\/comments?post=20298"}],"version-history":[{"count":1,"href":"http:\/\/staging.ibermusicas.org\/index.php\/wp-json\/wp\/v2\/posts\/20298\/revisions"}],"predecessor-version":[{"id":20300,"href":"http:\/\/staging.ibermusicas.org\/index.php\/wp-json\/wp\/v2\/posts\/20298\/revisions\/20300"}],"wp:featuredmedia":[{"embeddable":true,"href":"http:\/\/staging.ibermusicas.org\/index.php\/wp-json\/wp\/v2\/media\/21327"}],"wp:attachment":[{"href":"http:\/\/staging.ibermusicas.org\/index.php\/wp-json\/wp\/v2\/media?parent=20298"}],"wp:term":[{"taxonomy":"category","embeddable":true,"href":"http:\/\/staging.ibermusicas.org\/index.php\/wp-json\/wp\/v2\/categories?post=20298"},{"taxonomy":"post_tag","embeddable":true,"href":"http:\/\/staging.ibermusicas.org\/index.php\/wp-json\/wp\/v2\/tags?post=20298"}],"curies":[{"name":"wp","href":"https:\/\/api.w.org\/{rel}","templated":true}]}}