{"id":20301,"date":"2024-09-30T20:28:58","date_gmt":"2024-09-30T20:28:58","guid":{"rendered":"http:\/\/staging.ibermusicas.org\/?p=20301"},"modified":"2025-01-19T22:49:29","modified_gmt":"2025-01-19T22:49:29","slug":"a-cantora-e-compositora-peruana-la-la-actuara-em-madrid-e-barcelona","status":"publish","type":"post","link":"http:\/\/staging.ibermusicas.org\/index.php\/a-cantora-e-compositora-peruana-la-la-actuara-em-madrid-e-barcelona\/","title":{"rendered":"A cantora e compositora peruana La L\u00e1 actuar\u00e1 em Madrid e Barcelona"},"content":{"rendered":"<p>La L\u00e1, cantora, compositora e produtora peruana, \u00e9 reconhecida no seu pa\u00eds e na Am\u00e9rica Latina como uma das mais destacadas da d\u00e9cada. Nas suas can\u00e7\u00f5es, funde a m\u00fasica tradicional peruana com elementos da m\u00fasica do mundo, como o jazz, a bossa nova, a guaracha e o bolero.<\/p>\n<p>&nbsp;<\/p>\n<p>As suas letras falam de sentimentos humanos no contexto do patriarcado, do capitalismo e das altera\u00e7\u00f5es clim\u00e1ticas. No seu novo \u00e1lbum, intitulado \u201cDeb\u00fat\u201d, reflete sobre a ingenuidade com a ajuda de artistas queridos como Josean Log e Alejandro e Mar\u00eda Laura nas colabora\u00e7\u00f5es, e aventura-se em novos g\u00eaneros como o merengue.<\/p>\n<p>&nbsp;<\/p>\n<p>Essa turn\u00ea de La L\u00e1 pela Espanha \u00e9 apoiada pelo Programa Iberm\u00fasicas por meio de suas Ajudas \u00e0 Circula\u00e7\u00e3o, chamada 2023.<\/p>\n<p>&nbsp;<\/p>\n<ul>\n<li>5 de octubre em Jamboree, Barcelona, Espanha<\/li>\n<li>6 de outubro, 20h: Open Folk, Barcelona, Espanha<\/li>\n<\/ul>\n","protected":false},"excerpt":{"rendered":"<p>La L\u00e1, cantora, compositora e produtora peruana, \u00e9 reconhecida no seu pa\u00eds e na Am\u00e9rica Latina como uma das mais destacadas da d\u00e9cada. Nas suas can\u00e7\u00f5es, funde a m\u00fasica tradicional peruana com elementos da m\u00fasica do mundo, como o jazz, a bossa nova, a guaracha e o bolero. &nbsp; As suas letras falam de sentimentos [&hellip;]<\/p>\n","protected":false},"author":7,"featured_media":21328,"comment_status":"closed","ping_status":"closed","sticky":false,"template":"","format":"standard","meta":{"footnotes":""},"categories":[218],"tags":[],"class_list":["post-20301","post","type-post","status-publish","format-standard","has-post-thumbnail","hentry","category-noticias-generales-pt"],"lang":"pt","translations":{"pt":20301,"es":20298},"pll_sync_post":[],"post_mailing_queue_ids":[],"_links":{"self":[{"href":"http:\/\/staging.ibermusicas.org\/index.php\/wp-json\/wp\/v2\/posts\/20301","targetHints":{"allow":["GET"]}}],"collection":[{"href":"http:\/\/staging.ibermusicas.org\/index.php\/wp-json\/wp\/v2\/posts"}],"about":[{"href":"http:\/\/staging.ibermusicas.org\/index.php\/wp-json\/wp\/v2\/types\/post"}],"author":[{"embeddable":true,"href":"http:\/\/staging.ibermusicas.org\/index.php\/wp-json\/wp\/v2\/users\/7"}],"replies":[{"embeddable":true,"href":"http:\/\/staging.ibermusicas.org\/index.php\/wp-json\/wp\/v2\/comments?post=20301"}],"version-history":[{"count":1,"href":"http:\/\/staging.ibermusicas.org\/index.php\/wp-json\/wp\/v2\/posts\/20301\/revisions"}],"predecessor-version":[{"id":20302,"href":"http:\/\/staging.ibermusicas.org\/index.php\/wp-json\/wp\/v2\/posts\/20301\/revisions\/20302"}],"wp:featuredmedia":[{"embeddable":true,"href":"http:\/\/staging.ibermusicas.org\/index.php\/wp-json\/wp\/v2\/media\/21328"}],"wp:attachment":[{"href":"http:\/\/staging.ibermusicas.org\/index.php\/wp-json\/wp\/v2\/media?parent=20301"}],"wp:term":[{"taxonomy":"category","embeddable":true,"href":"http:\/\/staging.ibermusicas.org\/index.php\/wp-json\/wp\/v2\/categories?post=20301"},{"taxonomy":"post_tag","embeddable":true,"href":"http:\/\/staging.ibermusicas.org\/index.php\/wp-json\/wp\/v2\/tags?post=20301"}],"curies":[{"name":"wp","href":"https:\/\/api.w.org\/{rel}","templated":true}]}}