{"id":20303,"date":"2024-09-30T20:32:05","date_gmt":"2024-09-30T20:32:05","guid":{"rendered":"http:\/\/staging.ibermusicas.org\/?p=20303"},"modified":"2024-12-04T14:47:27","modified_gmt":"2024-12-04T14:47:27","slug":"llega-la-tercera-edicion-de-incuba-raiz-2024-el-programa-de-incubacion-para-proyectos-liderados-por-mujeres-comunidad-lgtbiq-disidencias-en-iberoamerica","status":"publish","type":"post","link":"http:\/\/staging.ibermusicas.org\/index.php\/llega-la-tercera-edicion-de-incuba-raiz-2024-el-programa-de-incubacion-para-proyectos-liderados-por-mujeres-comunidad-lgtbiq-disidencias-en-iberoamerica\/","title":{"rendered":"Llega la tercera edici\u00f3n de Incuba Ra\u00edz 2024, el programa de incubaci\u00f3n para proyectos liderados por Mujeres + Comunidad LGTBIQ+ Disidencias en Iberoam\u00e9rica"},"content":{"rendered":"<p>La edici\u00f3n 2024 de Incuba Ra\u00edz se centra en dos ejes: la tecnolog\u00eda como herramienta para nutrir y fortalecer la creaci\u00f3n y la profundizaci\u00f3n en los circuitos de circulaci\u00f3n de Brasil, Canad\u00e1, Ecuador y Colombia invitando a programadoras y programadores de Mercados y Festivales.<\/p>\n<p>&nbsp;<\/p>\n<p>Con un formato m\u00e1s din\u00e1mico y lleno de renovadas energ\u00edas, Incuba Ra\u00edz propone este trayecto formativo que contar\u00e1 con un total de 18 Masterclass \/ Conferencias, con profesionales de alto nivel. Como cada a\u00f1o la formaci\u00f3n es abierta, gratuita e inclusiva.<\/p>\n<p>&nbsp;<\/p>\n<p>Incuba Ra\u00edz es posible gracias al esfuerzo de diversas organizaciones encabezadas por la Asociaci\u00f3n Mujer Ra\u00edz y su equipo de Argentina, el apoyo de Mecenazgo de la Ciudad de Buenos Aires, Iberm\u00fasicas y una gran red de personas, organizaciones e instituciones de Argentina, Espa\u00f1a, Colombia y Per\u00fa junto a aliados en toda Iberoam\u00e9rica que siguen haciendo crecer esta iniciativa.<\/p>\n<p>&nbsp;<\/p>\n<p>La incubaci\u00f3n y aceleraci\u00f3n de proyectos musicales y creativos son estrategias comprobadas para impulsar el crecimiento econ\u00f3mico, fomentar la innovaci\u00f3n y fortalecer el tejido cultural de las sociedades contempor\u00e1neas. Incuba Ra\u00edz adquiere el compromiso de apoyar el desarrollo sostenible y equitativo de las ICC, contribuyendo as\u00ed a la construcci\u00f3n de un futuro m\u00e1s inclusivo y pr\u00f3spero para todos.<\/p>\n<p>&nbsp;<\/p>\n<p>Este proyecto ha sido ganador de la l\u00ednea de ayudas a proyectos virtuales del Programa Iberm\u00fasicas, convocatoria 2023.<\/p>\n<p>&nbsp;<\/p>\n<p>Convocatoria abierta a partir del 7 de octubre<\/p>\n","protected":false},"excerpt":{"rendered":"<p>La edici\u00f3n 2024 de Incuba Ra\u00edz se centra en dos ejes: la tecnolog\u00eda como herramienta para nutrir y fortalecer la creaci\u00f3n y la profundizaci\u00f3n en los circuitos de circulaci\u00f3n de Brasil, Canad\u00e1, Ecuador y Colombia invitando a programadoras y programadores de Mercados y Festivales. &nbsp; Con un formato m\u00e1s din\u00e1mico y lleno de renovadas energ\u00edas, [&hellip;]<\/p>\n","protected":false},"author":7,"featured_media":20304,"comment_status":"closed","ping_status":"closed","sticky":false,"template":"","format":"standard","meta":{"footnotes":""},"categories":[53],"tags":[],"class_list":["post-20303","post","type-post","status-publish","format-standard","has-post-thumbnail","hentry","category-noticias-generales"],"lang":"es","translations":{"es":20303,"pt":20306},"pll_sync_post":[],"post_mailing_queue_ids":[],"_links":{"self":[{"href":"http:\/\/staging.ibermusicas.org\/index.php\/wp-json\/wp\/v2\/posts\/20303","targetHints":{"allow":["GET"]}}],"collection":[{"href":"http:\/\/staging.ibermusicas.org\/index.php\/wp-json\/wp\/v2\/posts"}],"about":[{"href":"http:\/\/staging.ibermusicas.org\/index.php\/wp-json\/wp\/v2\/types\/post"}],"author":[{"embeddable":true,"href":"http:\/\/staging.ibermusicas.org\/index.php\/wp-json\/wp\/v2\/users\/7"}],"replies":[{"embeddable":true,"href":"http:\/\/staging.ibermusicas.org\/index.php\/wp-json\/wp\/v2\/comments?post=20303"}],"version-history":[{"count":1,"href":"http:\/\/staging.ibermusicas.org\/index.php\/wp-json\/wp\/v2\/posts\/20303\/revisions"}],"predecessor-version":[{"id":20305,"href":"http:\/\/staging.ibermusicas.org\/index.php\/wp-json\/wp\/v2\/posts\/20303\/revisions\/20305"}],"wp:featuredmedia":[{"embeddable":true,"href":"http:\/\/staging.ibermusicas.org\/index.php\/wp-json\/wp\/v2\/media\/20304"}],"wp:attachment":[{"href":"http:\/\/staging.ibermusicas.org\/index.php\/wp-json\/wp\/v2\/media?parent=20303"}],"wp:term":[{"taxonomy":"category","embeddable":true,"href":"http:\/\/staging.ibermusicas.org\/index.php\/wp-json\/wp\/v2\/categories?post=20303"},{"taxonomy":"post_tag","embeddable":true,"href":"http:\/\/staging.ibermusicas.org\/index.php\/wp-json\/wp\/v2\/tags?post=20303"}],"curies":[{"name":"wp","href":"https:\/\/api.w.org\/{rel}","templated":true}]}}