{"id":20306,"date":"2024-09-30T20:33:24","date_gmt":"2024-09-30T20:33:24","guid":{"rendered":"http:\/\/staging.ibermusicas.org\/?p=20306"},"modified":"2024-12-04T14:44:29","modified_gmt":"2024-12-04T14:44:29","slug":"llega-la-tercera-edicion-de-incuba-raiz-2024-el-programa-de-incubacion-para-proyectos-liderados-por-mujeres-comunidad-lgtbiq-disidencias-en-iberoamerica-2","status":"publish","type":"post","link":"http:\/\/staging.ibermusicas.org\/index.php\/llega-la-tercera-edicion-de-incuba-raiz-2024-el-programa-de-incubacion-para-proyectos-liderados-por-mujeres-comunidad-lgtbiq-disidencias-en-iberoamerica-2\/","title":{"rendered":"Llega la tercera edici\u00f3n de Incuba Ra\u00edz 2024, el programa de incubaci\u00f3n para proyectos liderados por Mujeres + Comunidad LGTBIQ+ Disidencias en Iberoam\u00e9rica"},"content":{"rendered":"<p><strong>Chega a terceira edi\u00e7\u00e3o do Incuba Ra\u00edz 2024, o programa de incuba\u00e7\u00e3o de projetos liderados por Mulheres + Dissidentes LGTBIQ+ na Ibero-Am\u00e9rica.<\/p>\n<p><\/strong><\/p>\n<p>A edi\u00e7\u00e3o 2024 da Incuba Ra\u00edz se concentra em dois eixos: a tecnologia como ferramenta para fomentar e fortalecer a cria\u00e7\u00e3o e o aprofundamento dos circuitos de circula\u00e7\u00e3o no Brasil, Canad\u00e1, Equador e Col\u00f4mbia, convidando programadores de Mercados e Festivais.<\/p>\n<p>Com um formato mais din\u00e2mico e cheio de energia renovada, Incuba Ra\u00edz prop\u00f5e este programa de treinamento que incluir\u00e1 um total de 18 Masterclasses \/ Confer\u00eancias, com profissionais de alto n\u00edvel. Como todos os anos, o treinamento \u00e9 aberto, gratuito e inclusivo.<\/p>\n<p>Incuba Ra\u00edz \u00e9 poss\u00edvel gra\u00e7as aos esfor\u00e7os de v\u00e1rias organiza\u00e7\u00f5es lideradas pela Asociaci\u00f3n Mujer Ra\u00edz e sua equipe na Argentina, ao apoio do Mecenazgo de la Ciudad de Buenos Aires, Iberm\u00fasicas e a uma grande rede de pessoas, organiza\u00e7\u00f5es e institui\u00e7\u00f5es da Argentina, Espanha, Col\u00f4mbia e Peru, juntamente com aliados em toda a Ibero-Am\u00e9rica que continuam a fazer essa iniciativa crescer.<\/p>\n<p>A incuba\u00e7\u00e3o e a acelera\u00e7\u00e3o de projetos musicais e criativos s\u00e3o estrat\u00e9gias comprovadas para impulsionar o crescimento econ\u00f4mico, promover a inova\u00e7\u00e3o e fortalecer o tecido cultural das sociedades contempor\u00e2neas. A Incuba Ra\u00edz tem o compromisso de apoiar o desenvolvimento sustent\u00e1vel e equitativo das ICCs, contribuindo assim para a constru\u00e7\u00e3o de um futuro mais inclusivo e pr\u00f3spero para todos.<\/p>\n<p>Esse projeto foi o vencedor da linha de apoio a projetos virtuais do Programa Iberm\u00fasicas, chamada 2023.<\/p>\n<p>&nbsp;<\/p>\n<ul>\n<li>Convocat\u00f3ria aberta a partir de 7 de outubro<\/li>\n<\/ul>\n","protected":false},"excerpt":{"rendered":"<p>Chega a terceira edi\u00e7\u00e3o do Incuba Ra\u00edz 2024, o programa de incuba\u00e7\u00e3o de projetos liderados por Mulheres + Dissidentes LGTBIQ+ na Ibero-Am\u00e9rica. A edi\u00e7\u00e3o 2024 da Incuba Ra\u00edz se concentra em dois eixos: a tecnologia como ferramenta para fomentar e fortalecer a cria\u00e7\u00e3o e o aprofundamento dos circuitos de circula\u00e7\u00e3o no Brasil, Canad\u00e1, Equador e [&hellip;]<\/p>\n","protected":false},"author":7,"featured_media":20304,"comment_status":"closed","ping_status":"closed","sticky":false,"template":"","format":"standard","meta":{"footnotes":""},"categories":[218],"tags":[],"class_list":["post-20306","post","type-post","status-publish","format-standard","has-post-thumbnail","hentry","category-noticias-generales-pt"],"lang":"pt","translations":{"pt":20306,"es":20303},"pll_sync_post":[],"post_mailing_queue_ids":[],"_links":{"self":[{"href":"http:\/\/staging.ibermusicas.org\/index.php\/wp-json\/wp\/v2\/posts\/20306","targetHints":{"allow":["GET"]}}],"collection":[{"href":"http:\/\/staging.ibermusicas.org\/index.php\/wp-json\/wp\/v2\/posts"}],"about":[{"href":"http:\/\/staging.ibermusicas.org\/index.php\/wp-json\/wp\/v2\/types\/post"}],"author":[{"embeddable":true,"href":"http:\/\/staging.ibermusicas.org\/index.php\/wp-json\/wp\/v2\/users\/7"}],"replies":[{"embeddable":true,"href":"http:\/\/staging.ibermusicas.org\/index.php\/wp-json\/wp\/v2\/comments?post=20306"}],"version-history":[{"count":1,"href":"http:\/\/staging.ibermusicas.org\/index.php\/wp-json\/wp\/v2\/posts\/20306\/revisions"}],"predecessor-version":[{"id":20307,"href":"http:\/\/staging.ibermusicas.org\/index.php\/wp-json\/wp\/v2\/posts\/20306\/revisions\/20307"}],"wp:featuredmedia":[{"embeddable":true,"href":"http:\/\/staging.ibermusicas.org\/index.php\/wp-json\/wp\/v2\/media\/20304"}],"wp:attachment":[{"href":"http:\/\/staging.ibermusicas.org\/index.php\/wp-json\/wp\/v2\/media?parent=20306"}],"wp:term":[{"taxonomy":"category","embeddable":true,"href":"http:\/\/staging.ibermusicas.org\/index.php\/wp-json\/wp\/v2\/categories?post=20306"},{"taxonomy":"post_tag","embeddable":true,"href":"http:\/\/staging.ibermusicas.org\/index.php\/wp-json\/wp\/v2\/tags?post=20306"}],"curies":[{"name":"wp","href":"https:\/\/api.w.org\/{rel}","templated":true}]}}