{"id":20308,"date":"2024-09-30T20:35:44","date_gmt":"2024-09-30T20:35:44","guid":{"rendered":"http:\/\/staging.ibermusicas.org\/?p=20308"},"modified":"2025-01-19T22:52:34","modified_gmt":"2025-01-19T22:52:34","slug":"con-su-gira-el-cruce-de-los-andes-valen-bonetto-y-lesurgentes-de-argentina-se-presentara-en-chile","status":"publish","type":"post","link":"http:\/\/staging.ibermusicas.org\/index.php\/con-su-gira-el-cruce-de-los-andes-valen-bonetto-y-lesurgentes-de-argentina-se-presentara-en-chile\/","title":{"rendered":"Con su gira \u201cEl Cruce de los Andes\u201d, Valen Bonetto y L\u2019esurgentes de Argentina se presentar\u00e1 en Chile"},"content":{"rendered":"<p>Valen Bonetto, el joven cantor, compositor y activista travesti llega por primera vez a Chile con su gira \u201cEl Cruce de los Andes\u201d. Valen Bonetto es un artista travesti argentino proveniente de la provincia de C\u00f3rdoba. Nominado a los Premios Gardel, es artista del sello Goza Records y ha recorrido distintos escenarios en las ciudades m\u00e1s importantes de Argentina.<\/p>\n<p>&nbsp;<\/p>\n<p>Con su m\u00fasica pasea por ritmos de la m\u00fasica popular latinoamericana. Su trabajo OTRX es el resultado de la irrupci\u00f3n del transfeminismo en el folklore, da cuenta de la transformaci\u00f3n del artista, de ese proceso donde el silencio es superado en lo colectivo. El reconocimiento de la palabra y la canci\u00f3n como herramienta de construcci\u00f3n y de transformaci\u00f3n social.<\/p>\n<p>&nbsp;<\/p>\n<p>En 2023 consolida la formaci\u00f3n \u201cValen Bonetto y L\u2019esurgentes\u201d junto a Lautaro Matute; Martin Beckerman y Lukete Bianco. Valen Bonetto fue parte de la composici\u00f3n musical de \u201cBrotecitos\u201d, canci\u00f3n que lleva el nombre del primer cancionero popular que combina m\u00fasica y letras in\u00e9ditas compuestas por identidades travestis, trans y no binarias lanzado en 2021.<\/p>\n<p>&nbsp;<\/p>\n<p>En el a\u00f1o 2022, Valen se sum\u00f3 a la nueva formaci\u00f3n de Duratierra, una de las bandas argentinas m\u00e1s significativas de la m\u00fasica latinoamericana, que transcurre entre las sonoridades del folklore latinoamericano, el rock, el pop y el jazz. A mediados de ese mismo a\u00f1o, comenz\u00f3 a conducir \u201cBrotecitos, otro ser\u00e1 el cantar\u201d en Radio Nacional, junto a Susy Shock. Trat\u00e1ndose del primer programa conducido por identidades travesti trans. Actualmente emitido por streaming en Fuf\u00fa Radio.<\/p>\n<p>&nbsp;<\/p>\n<p>Esta gira de Valen Bonetto cuenta con el apoyo de Iberm\u00fasicas mediante sus Ayudas a la Circulaci\u00f3n, convocatoria 2023.<\/p>\n<p>&nbsp;<\/p>\n<ul>\n<li>8 de octubre, 18h: Taller de entrenamiento vocal para artistas TTNB (no excluyente) en Teatro Sur, Santiago de Chile<\/li>\n<li>9 de octubre: Taller de entrenamiento vocal para artistas TTNB (no excluyente) en Instituto Arcos, Valpara\u00edso, Chile<\/li>\n<li>10 de octubre, 19h: Show junto a Javiera Electra en Parque Cultural, Valpara\u00edso, Chile<\/li>\n<li>12 de octubre, 21h: Show junto a Camila Vaccaro en Matucana 100, Santiago de Chile<\/li>\n<\/ul>\n","protected":false},"excerpt":{"rendered":"<p>Valen Bonetto, el joven cantor, compositor y activista travesti llega por primera vez a Chile con su gira \u201cEl Cruce de los Andes\u201d. Valen Bonetto es un artista travesti argentino proveniente de la provincia de C\u00f3rdoba. Nominado a los Premios Gardel, es artista del sello Goza Records y ha recorrido distintos escenarios en las ciudades [&hellip;]<\/p>\n","protected":false},"author":7,"featured_media":21330,"comment_status":"closed","ping_status":"closed","sticky":false,"template":"","format":"standard","meta":{"footnotes":""},"categories":[53],"tags":[],"class_list":["post-20308","post","type-post","status-publish","format-standard","has-post-thumbnail","hentry","category-noticias-generales"],"lang":"es","translations":{"es":20308,"pt":20311},"pll_sync_post":[],"post_mailing_queue_ids":[],"_links":{"self":[{"href":"http:\/\/staging.ibermusicas.org\/index.php\/wp-json\/wp\/v2\/posts\/20308","targetHints":{"allow":["GET"]}}],"collection":[{"href":"http:\/\/staging.ibermusicas.org\/index.php\/wp-json\/wp\/v2\/posts"}],"about":[{"href":"http:\/\/staging.ibermusicas.org\/index.php\/wp-json\/wp\/v2\/types\/post"}],"author":[{"embeddable":true,"href":"http:\/\/staging.ibermusicas.org\/index.php\/wp-json\/wp\/v2\/users\/7"}],"replies":[{"embeddable":true,"href":"http:\/\/staging.ibermusicas.org\/index.php\/wp-json\/wp\/v2\/comments?post=20308"}],"version-history":[{"count":1,"href":"http:\/\/staging.ibermusicas.org\/index.php\/wp-json\/wp\/v2\/posts\/20308\/revisions"}],"predecessor-version":[{"id":20310,"href":"http:\/\/staging.ibermusicas.org\/index.php\/wp-json\/wp\/v2\/posts\/20308\/revisions\/20310"}],"wp:featuredmedia":[{"embeddable":true,"href":"http:\/\/staging.ibermusicas.org\/index.php\/wp-json\/wp\/v2\/media\/21330"}],"wp:attachment":[{"href":"http:\/\/staging.ibermusicas.org\/index.php\/wp-json\/wp\/v2\/media?parent=20308"}],"wp:term":[{"taxonomy":"category","embeddable":true,"href":"http:\/\/staging.ibermusicas.org\/index.php\/wp-json\/wp\/v2\/categories?post=20308"},{"taxonomy":"post_tag","embeddable":true,"href":"http:\/\/staging.ibermusicas.org\/index.php\/wp-json\/wp\/v2\/tags?post=20308"}],"curies":[{"name":"wp","href":"https:\/\/api.w.org\/{rel}","templated":true}]}}