{"id":20311,"date":"2024-09-30T20:39:05","date_gmt":"2024-09-30T20:39:05","guid":{"rendered":"http:\/\/staging.ibermusicas.org\/?p=20311"},"modified":"2025-01-19T22:51:20","modified_gmt":"2025-01-19T22:51:20","slug":"com-sua-turne-a-travessia-dos-andes-valen-bonetto-e-lesurgentes-da-argentina-se-apresentarao-no-chile","status":"publish","type":"post","link":"http:\/\/staging.ibermusicas.org\/index.php\/com-sua-turne-a-travessia-dos-andes-valen-bonetto-e-lesurgentes-da-argentina-se-apresentarao-no-chile\/","title":{"rendered":"Com sua turn\u00ea \u201cA travessia dos Andes\u201d, Valen Bonetto e L&#8217;esurgentes, da Argentina, se apresentar\u00e3o no Chile"},"content":{"rendered":"<p>Valen Bonetto, o jovem cantor, compositor e ativista travesti chega pela primeira vez ao Chile com sua turn\u00ea \u201cA travessia dos Andes\u201d. Valen Bonetto \u00e9 um artista travesti argentino da prov\u00edncia de C\u00f3rdoba. Indicado aos Pr\u00eamios Gardel, \u00e9 artista da gravadora Goza Records e j\u00e1 percorreu diversos palcos nas cidades mais importantes da Argentina.<\/p>\n<p>Com sua m\u00fasica, passeia por ritmos da m\u00fasica popular latino-americana. Seu trabalho OTRX \u00e9 o resultado da irrup\u00e7\u00e3o do transfeminismo no folclore, mostra a transforma\u00e7\u00e3o do artista, desse processo em que o sil\u00eancio \u00e9 superado no coletivo. O reconhecimento da palavra e da can\u00e7\u00e3o como ferramenta de constru\u00e7\u00e3o e transforma\u00e7\u00e3o social.<\/p>\n<p>Em 2023 consolida a forma\u00e7\u00e3o \u201cValen Bonetto y L&#8217;esurgentes\u201d junto com Lautaro Matute; Martin Beckerman e Lukete Bianco. Valen Bonetto fez parte da composi\u00e7\u00e3o musical de \u201cBrotecitos\u201d, can\u00e7\u00e3o que leva o nome do primeiro cancioneiro popular que combina m\u00fasica e letras in\u00e9ditas compostas por identidades travestis, trans e n\u00e3o bin\u00e1rias lan\u00e7ado em 2021.<\/p>\n<p>Em 2022, Valen entrou para a nova forma\u00e7\u00e3o do Duratierra, uma das bandas argentinas mais importantes da m\u00fasica latino-americana, que transita entre os sons do folk latino-americano, rock, pop e jazz. Em meados do mesmo ano, ele come\u00e7ou a apresentar o programa \u201cBrotecitos, otro ser\u00e1 el cantar\u201d na Radio Nacional, junto com Susy Shock. Esse foi o primeiro programa apresentado por travestis transg\u00eaneros. Atualmente \u00e9 transmitido por streaming na R\u00e1dio Fuf\u00fa.<\/p>\n<p>Esta turn\u00ea de Valen Bonetto conta com o apoio do Iberm\u00fasicas por meio de sua convocat\u00f3ria Ajudas \u00e0\u00a0 Circula\u00e7\u00e3o 2023.<\/p>\n<p>&nbsp;<\/p>\n<ul>\n<li>8 de outubro, 18h: Workshop de treinamento vocal para artistas do TTNB (n\u00e3o exclusivo) no Teatro Sur, Santiago do Chile.<\/li>\n<li>9 de outubro: Workshop de treinamento vocal para artistas TTNB (n\u00e3o exclusivo) no Instituto Arcos, Valpara\u00edso, Chile.<\/li>\n<li>10 de outubro, 19h: Show com Javiera Electra no Parque Cultural, Valpara\u00edso, Chile<\/li>\n<li>12 de outubro, 21h: Show com Camila Vaccaro no Matucana 100, Santiago, Chile<\/li>\n<\/ul>\n","protected":false},"excerpt":{"rendered":"<p>Valen Bonetto, o jovem cantor, compositor e ativista travesti chega pela primeira vez ao Chile com sua turn\u00ea \u201cA travessia dos Andes\u201d. Valen Bonetto \u00e9 um artista travesti argentino da prov\u00edncia de C\u00f3rdoba. Indicado aos Pr\u00eamios Gardel, \u00e9 artista da gravadora Goza Records e j\u00e1 percorreu diversos palcos nas cidades mais importantes da Argentina. Com [&hellip;]<\/p>\n","protected":false},"author":7,"featured_media":21329,"comment_status":"closed","ping_status":"closed","sticky":false,"template":"","format":"standard","meta":{"footnotes":""},"categories":[218],"tags":[],"class_list":["post-20311","post","type-post","status-publish","format-standard","has-post-thumbnail","hentry","category-noticias-generales-pt"],"lang":"pt","translations":{"pt":20311,"es":20308},"pll_sync_post":[],"post_mailing_queue_ids":[],"_links":{"self":[{"href":"http:\/\/staging.ibermusicas.org\/index.php\/wp-json\/wp\/v2\/posts\/20311","targetHints":{"allow":["GET"]}}],"collection":[{"href":"http:\/\/staging.ibermusicas.org\/index.php\/wp-json\/wp\/v2\/posts"}],"about":[{"href":"http:\/\/staging.ibermusicas.org\/index.php\/wp-json\/wp\/v2\/types\/post"}],"author":[{"embeddable":true,"href":"http:\/\/staging.ibermusicas.org\/index.php\/wp-json\/wp\/v2\/users\/7"}],"replies":[{"embeddable":true,"href":"http:\/\/staging.ibermusicas.org\/index.php\/wp-json\/wp\/v2\/comments?post=20311"}],"version-history":[{"count":1,"href":"http:\/\/staging.ibermusicas.org\/index.php\/wp-json\/wp\/v2\/posts\/20311\/revisions"}],"predecessor-version":[{"id":20312,"href":"http:\/\/staging.ibermusicas.org\/index.php\/wp-json\/wp\/v2\/posts\/20311\/revisions\/20312"}],"wp:featuredmedia":[{"embeddable":true,"href":"http:\/\/staging.ibermusicas.org\/index.php\/wp-json\/wp\/v2\/media\/21329"}],"wp:attachment":[{"href":"http:\/\/staging.ibermusicas.org\/index.php\/wp-json\/wp\/v2\/media?parent=20311"}],"wp:term":[{"taxonomy":"category","embeddable":true,"href":"http:\/\/staging.ibermusicas.org\/index.php\/wp-json\/wp\/v2\/categories?post=20311"},{"taxonomy":"post_tag","embeddable":true,"href":"http:\/\/staging.ibermusicas.org\/index.php\/wp-json\/wp\/v2\/tags?post=20311"}],"curies":[{"name":"wp","href":"https:\/\/api.w.org\/{rel}","templated":true}]}}