{"id":20313,"date":"2024-09-30T20:41:54","date_gmt":"2024-09-30T20:41:54","guid":{"rendered":"http:\/\/staging.ibermusicas.org\/?p=20313"},"modified":"2024-12-04T14:47:38","modified_gmt":"2024-12-04T14:47:38","slug":"jaime-marquez-y-oman-kaminsky-presentan-en-espana-musica-mexicana-de-nuestro-tiempo-para-dos-guitarras","status":"publish","type":"post","link":"http:\/\/staging.ibermusicas.org\/index.php\/jaime-marquez-y-oman-kaminsky-presentan-en-espana-musica-mexicana-de-nuestro-tiempo-para-dos-guitarras\/","title":{"rendered":"Jaime M\u00e1rquez y Om\u00e1n Kaminsky presentan en Espa\u00f1a \u201cM\u00fasica Mexicana de nuestro tiempo para dos guitarras\u201d"},"content":{"rendered":"<p>Jaime M\u00e1rquez y Om\u00e1n Kaminsky presentan un repertorio de m\u00fasica mexicana compuesta espec\u00edficamente para dos guitarras por cinco de las compositoras y compositores m\u00e1s representativos de la m\u00fasica mexicana actual. Las cuatro obras han sido estrenadas a partir de diciembre de 2022 en importantes festivales y conciertos en la Ciudad de M\u00e9xico. Fueron comisionadas y especialmente dedicadas al guitarrista mexicano Jaime M\u00e1rquez por Gabriela Ortiz, Enrico Chapela, Ernesto Garc\u00eda de Le\u00f3n, Samuel Zyman y Jorge Ritter.<\/p>\n<p>&nbsp;<\/p>\n<p>La m\u00fasica mexicana, con su rica herencia cultural y variadas influencias, ha trascendido fronteras y ha encontrado un eco significativo en la escena musical internacional. En particular, la interpretaci\u00f3n de la m\u00fasica mexicana actual en dos guitarras cl\u00e1sicas adquiere una importancia destacada, y su difusi\u00f3n en Espa\u00f1a contribuir\u00e1 a una apreciaci\u00f3n m\u00e1s profunda de la m\u00fasica y la cultura mexicana en la pen\u00ednsula ib\u00e9rica.<\/p>\n<p>&nbsp;<\/p>\n<p>El proyecto M\u00fasica Mexicana de nuestro tiempo para dos guitarras, captura la esencia de la cultura mexicana actual, permitiendo a los oyentes en Espa\u00f1a experimentar una conexi\u00f3n aut\u00e9ntica con la tradici\u00f3n y la modernidad de M\u00e9xico y muestra la versatilidad y la belleza de este instrumento ic\u00f3nico. La difusi\u00f3n de la m\u00fasica mexicana contempor\u00e1nea en Espa\u00f1a act\u00faa como un puente cultural entre dos naciones con profundos lazos hist\u00f3ricos y culturales.<\/p>\n<p>&nbsp;<\/p>\n<p>Estas presentaciones en Espa\u00f1a de Jaime M\u00e1rquez y Om\u00e1n Kaminsky se realizan mediante el apoyo del Programa Iberm\u00fasicas por medio de sus Ayudas a la Circulaci\u00f3n, convocatoria 2023.<\/p>\n<p>&nbsp;<\/p>\n<ul>\n<li>10 de octubre, 17h: Concierto en Casa de M\u00e9xico en Espa\u00f1a.<\/li>\n<li>11 de octubre, 19h: Concierto en Casa de M\u00e9xico en Espa\u00f1a.<\/li>\n<\/ul>\n","protected":false},"excerpt":{"rendered":"<p>Jaime M\u00e1rquez y Om\u00e1n Kaminsky presentan un repertorio de m\u00fasica mexicana compuesta espec\u00edficamente para dos guitarras por cinco de las compositoras y compositores m\u00e1s representativos de la m\u00fasica mexicana actual. Las cuatro obras han sido estrenadas a partir de diciembre de 2022 en importantes festivales y conciertos en la Ciudad de M\u00e9xico. Fueron comisionadas y [&hellip;]<\/p>\n","protected":false},"author":7,"featured_media":20314,"comment_status":"closed","ping_status":"closed","sticky":false,"template":"","format":"standard","meta":{"footnotes":""},"categories":[53],"tags":[],"class_list":["post-20313","post","type-post","status-publish","format-standard","has-post-thumbnail","hentry","category-noticias-generales"],"lang":"es","translations":{"es":20313,"pt":20316},"pll_sync_post":[],"post_mailing_queue_ids":[],"_links":{"self":[{"href":"http:\/\/staging.ibermusicas.org\/index.php\/wp-json\/wp\/v2\/posts\/20313","targetHints":{"allow":["GET"]}}],"collection":[{"href":"http:\/\/staging.ibermusicas.org\/index.php\/wp-json\/wp\/v2\/posts"}],"about":[{"href":"http:\/\/staging.ibermusicas.org\/index.php\/wp-json\/wp\/v2\/types\/post"}],"author":[{"embeddable":true,"href":"http:\/\/staging.ibermusicas.org\/index.php\/wp-json\/wp\/v2\/users\/7"}],"replies":[{"embeddable":true,"href":"http:\/\/staging.ibermusicas.org\/index.php\/wp-json\/wp\/v2\/comments?post=20313"}],"version-history":[{"count":1,"href":"http:\/\/staging.ibermusicas.org\/index.php\/wp-json\/wp\/v2\/posts\/20313\/revisions"}],"predecessor-version":[{"id":20315,"href":"http:\/\/staging.ibermusicas.org\/index.php\/wp-json\/wp\/v2\/posts\/20313\/revisions\/20315"}],"wp:featuredmedia":[{"embeddable":true,"href":"http:\/\/staging.ibermusicas.org\/index.php\/wp-json\/wp\/v2\/media\/20314"}],"wp:attachment":[{"href":"http:\/\/staging.ibermusicas.org\/index.php\/wp-json\/wp\/v2\/media?parent=20313"}],"wp:term":[{"taxonomy":"category","embeddable":true,"href":"http:\/\/staging.ibermusicas.org\/index.php\/wp-json\/wp\/v2\/categories?post=20313"},{"taxonomy":"post_tag","embeddable":true,"href":"http:\/\/staging.ibermusicas.org\/index.php\/wp-json\/wp\/v2\/tags?post=20313"}],"curies":[{"name":"wp","href":"https:\/\/api.w.org\/{rel}","templated":true}]}}