{"id":20316,"date":"2024-09-30T20:45:26","date_gmt":"2024-09-30T20:45:26","guid":{"rendered":"http:\/\/staging.ibermusicas.org\/?p=20316"},"modified":"2024-12-04T14:44:42","modified_gmt":"2024-12-04T14:44:42","slug":"jaime-marquez-e-oman-kaminsky-apresentam-na-espanha-musica-mexicana-do-nosso-tempo-para-dois-violoes","status":"publish","type":"post","link":"http:\/\/staging.ibermusicas.org\/index.php\/jaime-marquez-e-oman-kaminsky-apresentam-na-espanha-musica-mexicana-do-nosso-tempo-para-dois-violoes\/","title":{"rendered":"Jaime M\u00e1rquez e Om\u00e1n Kaminsky apresentam na Espanha \u201cM\u00fasica mexicana do nosso tempo para dois viol\u00f5es\u201d"},"content":{"rendered":"<p>Jaime M\u00e1rquez e Om\u00e1n Kaminsky apresentam um repert\u00f3rio de m\u00fasica mexicana composta especificamente para dois viol\u00f5es por cinco dos compositores mais representativos da m\u00fasica mexicana atual. As quatro obras foram estreadas a partir de dezembro de 2022 em importantes festivais e concertos na Cidade do M\u00e9xico. Elas foram encomendadas e especialmente dedicadas ao violonista mexicano Jaime M\u00e1rquez por Gabriela Ortiz, Enrico Chapela, Ernesto Garc\u00eda de Le\u00f3n, Samuel Zyman e Jorge Ritter.<\/p>\n<p>&nbsp;<\/p>\n<p>A m\u00fasica mexicana, com seu rico patrim\u00f4nio cultural e influ\u00eancias variadas, transcendeu fronteiras e encontrou um eco significativo no cen\u00e1rio musical internacional. Em particular, a execu\u00e7\u00e3o de m\u00fasica mexicana contempor\u00e2nea em dois viol\u00f5es cl\u00e1ssicos \u00e9 de grande import\u00e2ncia, e sua divulga\u00e7\u00e3o na Espanha contribuir\u00e1 para uma aprecia\u00e7\u00e3o mais profunda da m\u00fasica e da cultura mexicana na Pen\u00ednsula Ib\u00e9rica.<\/p>\n<p>&nbsp;<\/p>\n<p>O projeto M\u00fasica mexicana do nosso tempo para dois viol\u00f5es, capta a ess\u00eancia da cultura mexicana atual, permitindo que os ouvintes na Espanha vivenciem uma conex\u00e3o aut\u00eantica com a tradi\u00e7\u00e3o e a modernidade do M\u00e9xico e demonstrando a versatilidade e a beleza desse instrumento ic\u00f4nico. A dissemina\u00e7\u00e3o da m\u00fasica mexicana contempor\u00e2nea na Espanha atua como uma ponte cultural entre duas na\u00e7\u00f5es com profundos la\u00e7os hist\u00f3ricos e culturais.<\/p>\n<p>&nbsp;<\/p>\n<p>Essas apresenta\u00e7\u00f5es na Espanha de Jaime M\u00e1rquez e Om\u00e1n Kaminsky s\u00e3o apoiadas pelo Programa Iberm\u00fasicas por meio de suas Ajudas \u00e0 Circula\u00e7\u00e3o, chamada 2023.<\/p>\n<p>&nbsp;<\/p>\n<ul>\n<li>10 de outubro, 17h: Concerto en Casa de M\u00e9xico en Espanha<\/li>\n<li>11 de outubro, 19h: Concerto en Casa de M\u00e9xico en Espanha<\/li>\n<\/ul>\n","protected":false},"excerpt":{"rendered":"<p>Jaime M\u00e1rquez e Om\u00e1n Kaminsky apresentam um repert\u00f3rio de m\u00fasica mexicana composta especificamente para dois viol\u00f5es por cinco dos compositores mais representativos da m\u00fasica mexicana atual. As quatro obras foram estreadas a partir de dezembro de 2022 em importantes festivais e concertos na Cidade do M\u00e9xico. Elas foram encomendadas e especialmente dedicadas ao violonista mexicano [&hellip;]<\/p>\n","protected":false},"author":7,"featured_media":20314,"comment_status":"closed","ping_status":"closed","sticky":false,"template":"","format":"standard","meta":{"footnotes":""},"categories":[218],"tags":[],"class_list":["post-20316","post","type-post","status-publish","format-standard","has-post-thumbnail","hentry","category-noticias-generales-pt"],"lang":"pt","translations":{"pt":20316,"es":20313},"pll_sync_post":[],"post_mailing_queue_ids":[],"_links":{"self":[{"href":"http:\/\/staging.ibermusicas.org\/index.php\/wp-json\/wp\/v2\/posts\/20316","targetHints":{"allow":["GET"]}}],"collection":[{"href":"http:\/\/staging.ibermusicas.org\/index.php\/wp-json\/wp\/v2\/posts"}],"about":[{"href":"http:\/\/staging.ibermusicas.org\/index.php\/wp-json\/wp\/v2\/types\/post"}],"author":[{"embeddable":true,"href":"http:\/\/staging.ibermusicas.org\/index.php\/wp-json\/wp\/v2\/users\/7"}],"replies":[{"embeddable":true,"href":"http:\/\/staging.ibermusicas.org\/index.php\/wp-json\/wp\/v2\/comments?post=20316"}],"version-history":[{"count":1,"href":"http:\/\/staging.ibermusicas.org\/index.php\/wp-json\/wp\/v2\/posts\/20316\/revisions"}],"predecessor-version":[{"id":20317,"href":"http:\/\/staging.ibermusicas.org\/index.php\/wp-json\/wp\/v2\/posts\/20316\/revisions\/20317"}],"wp:featuredmedia":[{"embeddable":true,"href":"http:\/\/staging.ibermusicas.org\/index.php\/wp-json\/wp\/v2\/media\/20314"}],"wp:attachment":[{"href":"http:\/\/staging.ibermusicas.org\/index.php\/wp-json\/wp\/v2\/media?parent=20316"}],"wp:term":[{"taxonomy":"category","embeddable":true,"href":"http:\/\/staging.ibermusicas.org\/index.php\/wp-json\/wp\/v2\/categories?post=20316"},{"taxonomy":"post_tag","embeddable":true,"href":"http:\/\/staging.ibermusicas.org\/index.php\/wp-json\/wp\/v2\/tags?post=20316"}],"curies":[{"name":"wp","href":"https:\/\/api.w.org\/{rel}","templated":true}]}}