{"id":20318,"date":"2024-09-30T21:32:10","date_gmt":"2024-09-30T21:32:10","guid":{"rendered":"http:\/\/staging.ibermusicas.org\/?p=20318"},"modified":"2025-01-19T22:56:32","modified_gmt":"2025-01-19T22:56:32","slug":"el-compositor-mexicano-leonel-aldino-desena-inicia-su-residencia-con-el-arxis-ensamble-de-espana-para-la-creacion-de-la-obra-despues-de-guillaume-de-machaut-baladas-y-fandangos","status":"publish","type":"post","link":"http:\/\/staging.ibermusicas.org\/index.php\/el-compositor-mexicano-leonel-aldino-desena-inicia-su-residencia-con-el-arxis-ensamble-de-espana-para-la-creacion-de-la-obra-despues-de-guillaume-de-machaut-baladas-y-fandangos\/","title":{"rendered":"El compositor mexicano Leonel Aldino Desena inicia su residencia con el Arxis Ensamble de Espa\u00f1a para la creaci\u00f3n de la obra \u201cDespu\u00e9s de Guillaume de Machaut &#8211; Baladas y fandangos\u201d"},"content":{"rendered":"<p>Este proyecto consiste en una residencia art\u00edstica con el ensamble Arxis especializado en m\u00fasica contempor\u00e1nea, para la composici\u00f3n de dos piezas para ensamble instrumental y voz a partir de las baladas 17 y 19 del compositor medieval Guillaume de Machaut.<\/p>\n<p>&nbsp;<\/p>\n<p>Este ejercicio de transcripci\u00f3n invita a reflexionar sobre los afectos que genera actualizar la m\u00fasica medieval hoy en d\u00eda, y llev\u00e1ndonos a cuestionar \u00bfQu\u00e9 es lo \u201cnuevo\u201d? en la m\u00fasica cl\u00e1sica.<\/p>\n<p>&nbsp;<\/p>\n<p>Para la composici\u00f3n de estas dos piezas el compositor rescata el concepto medieval de \u00abTalea\u00bb refiri\u00e9ndose a un patr\u00f3n r\u00edtmico que se repite a lo largo de una <a href=\"https:\/\/es.wikipedia.org\/wiki\/Melod%C3%ADa\">melod\u00eda<\/a>, y el concepto de \u00abVortex\u00bb que proviene del lat\u00edn, y expresa un flujo turbulento o laminar en rotaci\u00f3n alrededor de un eje.<\/p>\n<p>&nbsp;<\/p>\n<p>En este proyecto, la idea del v\u00f3rtice es utilizada como met\u00e1fora del proceso de simbiosis entre las Baladas de Guillaume de Machaut y la m\u00fasica de fandango tradicional; donde a trav\u00e9s de la repetici\u00f3n mel\u00f3dica y r\u00edtmica de las secciones, se pretende generar un espacio compartido entre m\u00fasicas de distintas latitudes.<\/p>\n<p>&nbsp;<\/p>\n<p>Este trabajo se propone explorar de qu\u00e9 manera los fragmentos del pasado siguen hablando en la creaci\u00f3n hoy d\u00eda, y las formas en que se actualizan mediante procesos de simbiosis, aleatoriedad, repetici\u00f3n, hibridaci\u00f3n, entre otros procesos de composici\u00f3n.<\/p>\n<p>&nbsp;<\/p>\n<p>Leonel Aldino Desena es egresado de la Escuela Superior de M\u00fasica del INBAL, M\u00e9xico con un m\u00e1ster en creaci\u00f3n de la m\u00fasica contempor\u00e1nea en el Centro de Estudios Musicales del Pa\u00eds Vasco, Musikene, Espa\u00f1a.<\/p>\n<p>&nbsp;<\/p>\n<p>Esta residencia de Leonel Aldino Desena se realiza con el apoyo de Iberm\u00fasicas mediante sus Ayudas a Compositores para Residencias Art\u00edsticas, convocatoria 2023.<\/p>\n<p>&nbsp;<\/p>\n<ul>\n<li>De septiembre a octubre en A\u00efs Asociaci\u00f3n Cultural \/ Arxis Ensamble, Espa\u00f1a<\/li>\n<li>12 de octubre, 19h30: Museu a domus, R. \u00c1ngel Rebollo, 91, A Coru\u00f1a<\/li>\n<\/ul>\n","protected":false},"excerpt":{"rendered":"<p>Este proyecto consiste en una residencia art\u00edstica con el ensamble Arxis especializado en m\u00fasica contempor\u00e1nea, para la composici\u00f3n de dos piezas para ensamble instrumental y voz a partir de las baladas 17 y 19 del compositor medieval Guillaume de Machaut. &nbsp; Este ejercicio de transcripci\u00f3n invita a reflexionar sobre los afectos que genera actualizar la [&hellip;]<\/p>\n","protected":false},"author":7,"featured_media":21332,"comment_status":"closed","ping_status":"closed","sticky":false,"template":"","format":"standard","meta":{"footnotes":""},"categories":[53],"tags":[],"class_list":["post-20318","post","type-post","status-publish","format-standard","has-post-thumbnail","hentry","category-noticias-generales"],"lang":"es","translations":{"es":20318,"pt":20321},"pll_sync_post":[],"post_mailing_queue_ids":[],"_links":{"self":[{"href":"http:\/\/staging.ibermusicas.org\/index.php\/wp-json\/wp\/v2\/posts\/20318","targetHints":{"allow":["GET"]}}],"collection":[{"href":"http:\/\/staging.ibermusicas.org\/index.php\/wp-json\/wp\/v2\/posts"}],"about":[{"href":"http:\/\/staging.ibermusicas.org\/index.php\/wp-json\/wp\/v2\/types\/post"}],"author":[{"embeddable":true,"href":"http:\/\/staging.ibermusicas.org\/index.php\/wp-json\/wp\/v2\/users\/7"}],"replies":[{"embeddable":true,"href":"http:\/\/staging.ibermusicas.org\/index.php\/wp-json\/wp\/v2\/comments?post=20318"}],"version-history":[{"count":1,"href":"http:\/\/staging.ibermusicas.org\/index.php\/wp-json\/wp\/v2\/posts\/20318\/revisions"}],"predecessor-version":[{"id":20320,"href":"http:\/\/staging.ibermusicas.org\/index.php\/wp-json\/wp\/v2\/posts\/20318\/revisions\/20320"}],"wp:featuredmedia":[{"embeddable":true,"href":"http:\/\/staging.ibermusicas.org\/index.php\/wp-json\/wp\/v2\/media\/21332"}],"wp:attachment":[{"href":"http:\/\/staging.ibermusicas.org\/index.php\/wp-json\/wp\/v2\/media?parent=20318"}],"wp:term":[{"taxonomy":"category","embeddable":true,"href":"http:\/\/staging.ibermusicas.org\/index.php\/wp-json\/wp\/v2\/categories?post=20318"},{"taxonomy":"post_tag","embeddable":true,"href":"http:\/\/staging.ibermusicas.org\/index.php\/wp-json\/wp\/v2\/tags?post=20318"}],"curies":[{"name":"wp","href":"https:\/\/api.w.org\/{rel}","templated":true}]}}