{"id":20321,"date":"2024-09-30T21:34:13","date_gmt":"2024-09-30T21:34:13","guid":{"rendered":"http:\/\/staging.ibermusicas.org\/?p=20321"},"modified":"2025-01-19T22:55:19","modified_gmt":"2025-01-19T22:55:19","slug":"o-compositor-mexicano-leonel-aldino-desena-inicia-a-sua-residencia-no-arxis-ensamble-de-espanha-para-a-criacao-da-obra-after-guillaume-de-machaut-baladas-y-fandangos","status":"publish","type":"post","link":"http:\/\/staging.ibermusicas.org\/index.php\/o-compositor-mexicano-leonel-aldino-desena-inicia-a-sua-residencia-no-arxis-ensamble-de-espanha-para-a-criacao-da-obra-after-guillaume-de-machaut-baladas-y-fandangos\/","title":{"rendered":"O compositor mexicano Leonel Aldino Desena inicia a sua resid\u00eancia no Arxis Ensamble de Espanha para a cria\u00e7\u00e3o da obra \u201cAfter Guillaume de Machaut &#8211; Baladas y fandangos\u201d"},"content":{"rendered":"<p>Este projeto consiste numa resid\u00eancia art\u00edstica com o ensemble Arxis especializado em m\u00fasica contempor\u00e2nea, para a composi\u00e7\u00e3o de duas pe\u00e7as para ensemble instrumental e voz baseadas nas baladas 17 e 19 do compositor medieval Guillaume de Machaut.<\/p>\n<p>&nbsp;<\/p>\n<p>Este exerc\u00edcio de transcri\u00e7\u00e3o convida-nos a refletir sobre os afetos gerados pela atualiza\u00e7\u00e3o da m\u00fasica medieval na atualidade, levando-nos a questionar: O que \u00e9 o \u201cnovo\u201d? na m\u00fasica cl\u00e1ssica.<\/p>\n<p>&nbsp;<\/p>\n<p>Para a composi\u00e7\u00e3o destas duas pe\u00e7as o compositor resgata o conceito medieval de \u00abTalea\u00bb referindo-se a um padr\u00e3o r\u00edtmico que se repete ao longo de uma melodia, e o conceito de \u00abV\u00f3rtice\u00bb que vem do latim, e expressa um fluxo turbulento ou laminar em rota\u00e7\u00e3o em torno de um eixo.<\/p>\n<p>&nbsp;<\/p>\n<p>Neste projeto, a ideia do v\u00f3rtice \u00e9 utilizada como met\u00e1fora do processo de simbiose entre as Baladas de Guillaume de Machaut e a m\u00fasica tradicional do fandango; onde atrav\u00e9s da repeti\u00e7\u00e3o mel\u00f3dica e r\u00edtmica das sec\u00e7\u00f5es se pretende gerar um espa\u00e7o partilhado entre m\u00fasicas de diferentes latitudes.<\/p>\n<p>&nbsp;<\/p>\n<p>Este trabalho pretende explorar como os fragmentos do passado continuam a falar na cria\u00e7\u00e3o hoje, e as formas como s\u00e3o atualizados atrav\u00e9s de processos de simbiose, aleatoriedade, repeti\u00e7\u00e3o, hibridiza\u00e7\u00e3o, entre outros processos de composi\u00e7\u00e3o.<\/p>\n<p>&nbsp;<\/p>\n<p>Leonel Aldino Desena formou-se na Escola Superior de M\u00fasica INBAL, M\u00e9xico, com um mestrado em cria\u00e7\u00e3o musical contempor\u00e2nea no Centro de Estudos Musicais do Pa\u00eds Basco, Musikene, Espanha.<\/p>\n<p>&nbsp;<\/p>\n<p>Esta resid\u00eancia de Leonel Aldino Desena \u00e9 realizada com o apoio do Iberm\u00fasicas atrav\u00e9s de suas Ajudas a Compositores para Resid\u00eancias Art\u00edsticas, chamada 2023.<\/p>\n<p>&nbsp;<\/p>\n<ul>\n<li>De setembro a outubro na Associa\u00e7\u00e3o Cultural A\u00efs \/ Arxis Ensamble, Espanha<\/li>\n<li>12 de outubro, 19h30: Museu a domus, R. \u00c1ngel Rebollo, 91, A Coru\u00f1a<\/li>\n<\/ul>\n","protected":false},"excerpt":{"rendered":"<p>Este projeto consiste numa resid\u00eancia art\u00edstica com o ensemble Arxis especializado em m\u00fasica contempor\u00e2nea, para a composi\u00e7\u00e3o de duas pe\u00e7as para ensemble instrumental e voz baseadas nas baladas 17 e 19 do compositor medieval Guillaume de Machaut. &nbsp; Este exerc\u00edcio de transcri\u00e7\u00e3o convida-nos a refletir sobre os afetos gerados pela atualiza\u00e7\u00e3o da m\u00fasica medieval na [&hellip;]<\/p>\n","protected":false},"author":7,"featured_media":21331,"comment_status":"closed","ping_status":"closed","sticky":false,"template":"","format":"standard","meta":{"footnotes":""},"categories":[218],"tags":[],"class_list":["post-20321","post","type-post","status-publish","format-standard","has-post-thumbnail","hentry","category-noticias-generales-pt"],"lang":"pt","translations":{"pt":20321,"es":20318},"pll_sync_post":[],"post_mailing_queue_ids":[],"_links":{"self":[{"href":"http:\/\/staging.ibermusicas.org\/index.php\/wp-json\/wp\/v2\/posts\/20321","targetHints":{"allow":["GET"]}}],"collection":[{"href":"http:\/\/staging.ibermusicas.org\/index.php\/wp-json\/wp\/v2\/posts"}],"about":[{"href":"http:\/\/staging.ibermusicas.org\/index.php\/wp-json\/wp\/v2\/types\/post"}],"author":[{"embeddable":true,"href":"http:\/\/staging.ibermusicas.org\/index.php\/wp-json\/wp\/v2\/users\/7"}],"replies":[{"embeddable":true,"href":"http:\/\/staging.ibermusicas.org\/index.php\/wp-json\/wp\/v2\/comments?post=20321"}],"version-history":[{"count":1,"href":"http:\/\/staging.ibermusicas.org\/index.php\/wp-json\/wp\/v2\/posts\/20321\/revisions"}],"predecessor-version":[{"id":20322,"href":"http:\/\/staging.ibermusicas.org\/index.php\/wp-json\/wp\/v2\/posts\/20321\/revisions\/20322"}],"wp:featuredmedia":[{"embeddable":true,"href":"http:\/\/staging.ibermusicas.org\/index.php\/wp-json\/wp\/v2\/media\/21331"}],"wp:attachment":[{"href":"http:\/\/staging.ibermusicas.org\/index.php\/wp-json\/wp\/v2\/media?parent=20321"}],"wp:term":[{"taxonomy":"category","embeddable":true,"href":"http:\/\/staging.ibermusicas.org\/index.php\/wp-json\/wp\/v2\/categories?post=20321"},{"taxonomy":"post_tag","embeddable":true,"href":"http:\/\/staging.ibermusicas.org\/index.php\/wp-json\/wp\/v2\/tags?post=20321"}],"curies":[{"name":"wp","href":"https:\/\/api.w.org\/{rel}","templated":true}]}}