{"id":20326,"date":"2024-09-30T21:47:14","date_gmt":"2024-09-30T21:47:14","guid":{"rendered":"http:\/\/staging.ibermusicas.org\/?p=20326"},"modified":"2024-12-04T14:45:06","modified_gmt":"2024-12-04T14:45:06","slug":"a-orquesta-sinfonica-nacional-de-cuba-sob-a-batuta-do-maestro-igor-corcuera-caceres-fara-a-estreia-de-cinco-obras-sinfonicas-premiadas-pelo-ibermusicas","status":"publish","type":"post","link":"http:\/\/staging.ibermusicas.org\/index.php\/a-orquesta-sinfonica-nacional-de-cuba-sob-a-batuta-do-maestro-igor-corcuera-caceres-fara-a-estreia-de-cinco-obras-sinfonicas-premiadas-pelo-ibermusicas\/","title":{"rendered":"A Orquesta Sinf\u00f3nica Nacional de Cuba, sob a batuta do maestro Igor Corcuera C\u00e1ceres, far\u00e1 a estreia de cinco obras sinf\u00f4nicas premiadas pelo Iberm\u00fasicas"},"content":{"rendered":"<p>Em um concerto especial, a Orquestra Sinf\u00f4nica Nacional de Cuba, sob a reg\u00eancia do maestro Igor Corcuera, far\u00e1 a estreia de cinco obras sinf\u00f4nicas premiadas pelo Iberm\u00fasicas.<\/p>\n<p>&nbsp;<\/p>\n<p>Pelo d\u00e9cimo ano consecutivo, o Iberm\u00fasicas lan\u00e7ou em 2023 um concurso para a cria\u00e7\u00e3o de obras sinf\u00f4nicas com o objetivo de fortalecer a cria\u00e7\u00e3o de novas obras para ampliar o repert\u00f3rio ibero-americano no campo sinf\u00f4nico, incentivando essas atividades com total liberdade criativa. Onze obras in\u00e9ditas de compositores da Argentina, Brasil, Chile, Col\u00f4mbia, Cuba, Equador, Espanha, M\u00e9xico, Panam\u00e1, Peru e Venezuela foram premiadas neste concurso.<\/p>\n<p>&nbsp;<\/p>\n<p>A caracter\u00edstica especial do concurso \u00e9 que, gra\u00e7as \u00e0 participa\u00e7\u00e3o especial do Minist\u00e9rio da Cultura de Cuba e do Minist\u00e9rio do Poder Popular para a Cultura da Venezuela, as onze obras ser\u00e3o estreadas no \u00e2mbito de concertos especiais da Orquestra Sinf\u00f4nica Nacional de Cuba e da Orquestra Filarm\u00f4nica Nacional da Venezuela.<\/p>\n<p>&nbsp;<\/p>\n<p>Neste concerto especial a ser realizado em Cuba, ser\u00e3o estreadas \u201cF\u00e9nix\u201d de Cristian Andres Lazo Remedi (Chile), \u201cCanto del Cotopaxi\u201d de David Alejandro Meneses Almeida (Equador), \u201cCruces\u201d de Samuel Robles (Panam\u00e1), \u201cEl Enigma Cu\u00e1ntico\u201d de David Aguilar Valdiz\u00e1n (Peru) e \u201cAntifon\u00eda Fractal\u201d de David Pedroza (Venezuela).<\/p>\n<p>&nbsp;<\/p>\n<p>Desde seu in\u00edcio, a Orquestra Sinf\u00f4nica Nacional de Cuba desenvolveu um importante trabalho de divulga\u00e7\u00e3o da m\u00fasica cubana, latino-americana e universal de todos os per\u00edodos e tend\u00eancias estil\u00edsticas. Realizou mais de 2000 concertos nacionais e internacionais. Entre suas linhas b\u00e1sicas de trabalho est\u00e3o os concertos regulares, concertos sinf\u00f4nico-corais, ciclos de concertos did\u00e1ticos, turn\u00eas nacionais e acompanhamentos de espet\u00e1culos l\u00edricos e de dan\u00e7a. Da mesma forma, destacam-se as grava\u00e7\u00f5es de trilhas sonoras, produ\u00e7\u00f5es de discos e participa\u00e7\u00e3o em eventos nacionais e internacionais. Em todos esses anos, a Orquestra Sinf\u00f4nica Nacional de Cuba foi regida por mais de uma centena de maestros nacionais e estrangeiros e tamb\u00e9m contou com a participa\u00e7\u00e3o de solistas nacionais e estrangeiros de grande prest\u00edgio.<\/p>\n<p>&nbsp;<\/p>\n<p>As obras premiadas da Argentina, Brasil, Col\u00f4mbia, Cuba, M\u00e9xico, Espanha e Col\u00f4mbia j\u00e1 foram estreadas em Caracas, Venezuela.<\/p>\n<p>&nbsp;<\/p>\n<ul>\n<li>Domingo, 13 de outubro, \u00e0s 11h, na Sala Covarrubias do Teatro Nacional de Cuba, Paseo y 39, Plaza de la Revoluci\u00f3n, Havana, Cuba<\/li>\n<\/ul>\n","protected":false},"excerpt":{"rendered":"<p>Em um concerto especial, a Orquestra Sinf\u00f4nica Nacional de Cuba, sob a reg\u00eancia do maestro Igor Corcuera, far\u00e1 a estreia de cinco obras sinf\u00f4nicas premiadas pelo Iberm\u00fasicas. &nbsp; Pelo d\u00e9cimo ano consecutivo, o Iberm\u00fasicas lan\u00e7ou em 2023 um concurso para a cria\u00e7\u00e3o de obras sinf\u00f4nicas com o objetivo de fortalecer a cria\u00e7\u00e3o de novas obras [&hellip;]<\/p>\n","protected":false},"author":7,"featured_media":20324,"comment_status":"closed","ping_status":"closed","sticky":false,"template":"","format":"standard","meta":{"footnotes":""},"categories":[218],"tags":[],"class_list":["post-20326","post","type-post","status-publish","format-standard","has-post-thumbnail","hentry","category-noticias-generales-pt"],"lang":"pt","translations":{"pt":20326,"es":20323},"pll_sync_post":[],"post_mailing_queue_ids":[],"_links":{"self":[{"href":"http:\/\/staging.ibermusicas.org\/index.php\/wp-json\/wp\/v2\/posts\/20326","targetHints":{"allow":["GET"]}}],"collection":[{"href":"http:\/\/staging.ibermusicas.org\/index.php\/wp-json\/wp\/v2\/posts"}],"about":[{"href":"http:\/\/staging.ibermusicas.org\/index.php\/wp-json\/wp\/v2\/types\/post"}],"author":[{"embeddable":true,"href":"http:\/\/staging.ibermusicas.org\/index.php\/wp-json\/wp\/v2\/users\/7"}],"replies":[{"embeddable":true,"href":"http:\/\/staging.ibermusicas.org\/index.php\/wp-json\/wp\/v2\/comments?post=20326"}],"version-history":[{"count":1,"href":"http:\/\/staging.ibermusicas.org\/index.php\/wp-json\/wp\/v2\/posts\/20326\/revisions"}],"predecessor-version":[{"id":20327,"href":"http:\/\/staging.ibermusicas.org\/index.php\/wp-json\/wp\/v2\/posts\/20326\/revisions\/20327"}],"wp:featuredmedia":[{"embeddable":true,"href":"http:\/\/staging.ibermusicas.org\/index.php\/wp-json\/wp\/v2\/media\/20324"}],"wp:attachment":[{"href":"http:\/\/staging.ibermusicas.org\/index.php\/wp-json\/wp\/v2\/media?parent=20326"}],"wp:term":[{"taxonomy":"category","embeddable":true,"href":"http:\/\/staging.ibermusicas.org\/index.php\/wp-json\/wp\/v2\/categories?post=20326"},{"taxonomy":"post_tag","embeddable":true,"href":"http:\/\/staging.ibermusicas.org\/index.php\/wp-json\/wp\/v2\/tags?post=20326"}],"curies":[{"name":"wp","href":"https:\/\/api.w.org\/{rel}","templated":true}]}}