{"id":20328,"date":"2024-09-30T21:48:57","date_gmt":"2024-09-30T21:48:57","guid":{"rendered":"http:\/\/staging.ibermusicas.org\/?p=20328"},"modified":"2024-12-04T14:47:55","modified_gmt":"2024-12-04T14:47:55","slug":"desde-colombia-llega-la-septima-version-del-festival-mujeres-en-la-musica-nueva-con-el-espacio-virtual-latentes-iberoamericanas-s","status":"publish","type":"post","link":"http:\/\/staging.ibermusicas.org\/index.php\/desde-colombia-llega-la-septima-version-del-festival-mujeres-en-la-musica-nueva-con-el-espacio-virtual-latentes-iberoamericanas-s\/","title":{"rendered":"Desde Colombia llega la s\u00e9ptima versi\u00f3n del Festival Mujeres en la M\u00fasica Nueva con el \u201cEspacio Virtual &#8211; Latentes iberoamericanas\/+s\u201d"},"content":{"rendered":"<p>En el marco del <em>Festival Mujeres en la M\u00fasica Nueva <\/em>2024 se llevar\u00e1 a cabo el \u201cEspacio Virtual &#8211; Latentes iberoamericanas\/+s\u201d que contar\u00e1 con invitadas de diferentes pa\u00edses dedicadas a crear e investigar las m\u00fasicas contempor\u00e1neas y experimentales.<\/p>\n<p>&nbsp;<\/p>\n<p>El destacado Ensamble CG (Colombia), realizar\u00e1 un concierto virtual con obras escritas y seleccionadas especialmente para este proyecto con m\u00fasica de Ana Lara (M\u00e9xico), Cecilia Pereyra (Argentina), Juliana Ortigoza (Colombia), Mizky Bernal (Bolivia) e In\u00e9s Badalo (Espa\u00f1a). Adem\u00e1s, habr\u00e1 un conversatorio para conocer el proceso creativo de cada una de las protagonistas en interacci\u00f3n con el Ensamble CG y el festival.<\/p>\n<p>&nbsp;<\/p>\n<p>Las conferencistas invitadas, Ana Alonso Minutti (M\u00e9xico) y Marcela Perrone (Argentina), compartir\u00e1n sus relevantes investigaciones sobre m\u00fasica y problem\u00e1ticas regionales, con un an\u00e1lisis enfocado en las m\u00fasicas actuales. La compositora, Canela Palacios (Bolivia), expondr\u00e1 sobre sus intereses creativos y la compositora Elsa Justel (Argentina) junto a la saxofonista Bera Romairone (Argentina\/Suiza), conversar\u00e1n sobre su trabajo colaborativo.<\/p>\n<p>&nbsp;<\/p>\n<p>Sumado a esto, habr\u00e1 tres conciertos presenciales en la ciudad de Bogot\u00e1; en el primero se presentar\u00e1n las obras electroac\u00fasticas seleccionadas en la convocatoria FMMN 2024, con m\u00fasica de compositoras de Portugal, Colombia, M\u00e9xico, Bolivia, Hong Kong, Italia y E.U.A., en interpretaci\u00f3n de Jes\u00fas Buend\u00eda (Colombia). En el segundo concierto, est\u00e1 programada m\u00fasica para flautas dulces y electr\u00f3nica, a cargo de Leonardo Pe\u00f1a (Colombia) y, en el \u00faltimo, se presentar\u00e1 Juana Monsalve (Colombia) con un repertorio para voz y c\u00e1mara de compositoras colombianas. Para cerrar el FMMN, Romairone, se reunir\u00e1 presencialmente con compositoras colombianas para una clase magistral.<\/p>\n<p>&nbsp;<\/p>\n<p>Son parte de esta iniciativa el Ensamble CG, el C\u00edrculo Colombiano de M\u00fasica Contempor\u00e1nea, la Universidad de los Andes, el Teatro Acto Latino, Prohelvetia, Henri Selmer Paris, Noise Sesion, el FIS \u2013 Festival Internacional de Saxof\u00f3n Bogot\u00e1 y el Programa Iberm\u00fasicas mediante sus Ayudas al Sector Musical en Modalidad Virtual.<\/p>\n<p>&nbsp;<\/p>\n<ul>\n<li>Del 16 de octubre al 18 de noviembre<\/li>\n<\/ul>\n","protected":false},"excerpt":{"rendered":"<p>En el marco del Festival Mujeres en la M\u00fasica Nueva 2024 se llevar\u00e1 a cabo el \u201cEspacio Virtual &#8211; Latentes iberoamericanas\/+s\u201d que contar\u00e1 con invitadas de diferentes pa\u00edses dedicadas a crear e investigar las m\u00fasicas contempor\u00e1neas y experimentales. &nbsp; El destacado Ensamble CG (Colombia), realizar\u00e1 un concierto virtual con obras escritas y seleccionadas especialmente para [&hellip;]<\/p>\n","protected":false},"author":7,"featured_media":20329,"comment_status":"closed","ping_status":"closed","sticky":false,"template":"","format":"standard","meta":{"footnotes":""},"categories":[53],"tags":[],"class_list":["post-20328","post","type-post","status-publish","format-standard","has-post-thumbnail","hentry","category-noticias-generales"],"lang":"es","translations":{"es":20328,"pt":20331},"pll_sync_post":[],"post_mailing_queue_ids":[],"_links":{"self":[{"href":"http:\/\/staging.ibermusicas.org\/index.php\/wp-json\/wp\/v2\/posts\/20328","targetHints":{"allow":["GET"]}}],"collection":[{"href":"http:\/\/staging.ibermusicas.org\/index.php\/wp-json\/wp\/v2\/posts"}],"about":[{"href":"http:\/\/staging.ibermusicas.org\/index.php\/wp-json\/wp\/v2\/types\/post"}],"author":[{"embeddable":true,"href":"http:\/\/staging.ibermusicas.org\/index.php\/wp-json\/wp\/v2\/users\/7"}],"replies":[{"embeddable":true,"href":"http:\/\/staging.ibermusicas.org\/index.php\/wp-json\/wp\/v2\/comments?post=20328"}],"version-history":[{"count":1,"href":"http:\/\/staging.ibermusicas.org\/index.php\/wp-json\/wp\/v2\/posts\/20328\/revisions"}],"predecessor-version":[{"id":20330,"href":"http:\/\/staging.ibermusicas.org\/index.php\/wp-json\/wp\/v2\/posts\/20328\/revisions\/20330"}],"wp:featuredmedia":[{"embeddable":true,"href":"http:\/\/staging.ibermusicas.org\/index.php\/wp-json\/wp\/v2\/media\/20329"}],"wp:attachment":[{"href":"http:\/\/staging.ibermusicas.org\/index.php\/wp-json\/wp\/v2\/media?parent=20328"}],"wp:term":[{"taxonomy":"category","embeddable":true,"href":"http:\/\/staging.ibermusicas.org\/index.php\/wp-json\/wp\/v2\/categories?post=20328"},{"taxonomy":"post_tag","embeddable":true,"href":"http:\/\/staging.ibermusicas.org\/index.php\/wp-json\/wp\/v2\/tags?post=20328"}],"curies":[{"name":"wp","href":"https:\/\/api.w.org\/{rel}","templated":true}]}}