{"id":20331,"date":"2024-09-30T21:59:30","date_gmt":"2024-09-30T21:59:30","guid":{"rendered":"http:\/\/staging.ibermusicas.org\/?p=20331"},"modified":"2024-12-04T14:45:13","modified_gmt":"2024-12-04T14:45:13","slug":"da-colombia-vem-a-setima-versao-do-festival-mujeres-en-la-musica-nueva-com-o-espacio-virtual-latentes-iberoamericanas-s","status":"publish","type":"post","link":"http:\/\/staging.ibermusicas.org\/index.php\/da-colombia-vem-a-setima-versao-do-festival-mujeres-en-la-musica-nueva-com-o-espacio-virtual-latentes-iberoamericanas-s\/","title":{"rendered":"Da Col\u00f4mbia vem a s\u00e9tima vers\u00e3o do Festival Mujeres en la M\u00fasica Nueva com o \u201cEspacio Virtual &#8211; Latentes iberoamericanas\/+s\u201d"},"content":{"rendered":"<p>Como parte do <em>Festival Mujeres en <\/em>la <em>M\u00fasica Nueva <\/em>2024, o \u201cEspacio Virtual &#8211; Latentes iberoamericanas\/+s\u201d contar\u00e1 com convidados de diferentes pa\u00edses dedicados \u00e0 cria\u00e7\u00e3o e \u00e0 pesquisa de m\u00fasica contempor\u00e2nea e experimental.<\/p>\n<p>O destacado Ensamble CG (Col\u00f4mbia) apresentar\u00e1 um concerto virtual com obras escritas e selecionadas especialmente para esse projeto, com m\u00fasicas de Ana Lara (M\u00e9xico), Cecilia Pereyra (Argentina), Juliana Ortigoza (Col\u00f4mbia), Mizky Bernal (Bol\u00edvia) e In\u00e9s Badalo (Espanha). Al\u00e9m disso, haver\u00e1 uma conversa para conhecer o processo criativo de cada um dos protagonistas em intera\u00e7\u00e3o com o CG Ensemble e o festival.<\/p>\n<p>As palestrantes convidadas, Ana Alonso Minutti (M\u00e9xico) e Marcela Perrone (Argentina), compartilhar\u00e3o suas pesquisas relevantes sobre m\u00fasica e quest\u00f5es regionais, com uma an\u00e1lise focada na m\u00fasica atual. A compositora Canela Palacios (Bol\u00edvia) falar\u00e1 sobre seus interesses criativos e a compositora Elsa Justel (Argentina) e a saxofonista Bera Romairone (Argentina\/Su\u00ed\u00e7a) discutir\u00e3o seu trabalho colaborativo.<\/p>\n<p>Al\u00e9m disso, haver\u00e1 tr\u00eas concertos ao vivo na cidade de Bogot\u00e1; o primeiro apresentar\u00e1 as obras eletroac\u00fasticas selecionadas na convocat\u00f3ria da GFMN 2024, com m\u00fasicas de compositores de Portugal, Col\u00f4mbia, M\u00e9xico, Bol\u00edvia, Hong Kong, It\u00e1lia e EUA, interpretadas por Jes\u00fas Buend\u00eda (Col\u00f4mbia). No segundo concerto, m\u00fasica para flauta doce e eletr\u00f4nica ser\u00e1 executada por Leonardo Pe\u00f1a (Col\u00f4mbia) e, no \u00faltimo concerto, Juana Monsalve (Col\u00f4mbia) apresentar\u00e1 um repert\u00f3rio para voz e c\u00e2mara de compositoras colombianas. Para encerrar o FMMN, Romairone se reunir\u00e1 pessoalmente com compositoras colombianas para uma masterclass.<\/p>\n<p>Fazem parte dessa iniciativa as seguintes organiza\u00e7\u00f5es: Ensamble CG, C\u00edrculo Colombiano de M\u00fasica Contempor\u00e2nea, Universidad de los Andes, Teatro Acto Latino, Prohelvetia, Henri Selmer Paris, Noise Sesion, FIS &#8211; Festival Internacional de Saxof\u00f3n Bogot\u00e1 e o Programa Iberm\u00fasicas por meio de suas Ajudas ao Setor Musical em Modalidade Virtual.<\/p>\n<ul>\n<li>De 16 de outubro a 18 de novembro<\/li>\n<\/ul>\n","protected":false},"excerpt":{"rendered":"<p>Como parte do Festival Mujeres en la M\u00fasica Nueva 2024, o \u201cEspacio Virtual &#8211; Latentes iberoamericanas\/+s\u201d contar\u00e1 com convidados de diferentes pa\u00edses dedicados \u00e0 cria\u00e7\u00e3o e \u00e0 pesquisa de m\u00fasica contempor\u00e2nea e experimental. O destacado Ensamble CG (Col\u00f4mbia) apresentar\u00e1 um concerto virtual com obras escritas e selecionadas especialmente para esse projeto, com m\u00fasicas de Ana [&hellip;]<\/p>\n","protected":false},"author":7,"featured_media":20329,"comment_status":"closed","ping_status":"closed","sticky":false,"template":"","format":"standard","meta":{"footnotes":""},"categories":[218],"tags":[],"class_list":["post-20331","post","type-post","status-publish","format-standard","has-post-thumbnail","hentry","category-noticias-generales-pt"],"lang":"pt","translations":{"pt":20331,"es":20328},"pll_sync_post":[],"post_mailing_queue_ids":[],"_links":{"self":[{"href":"http:\/\/staging.ibermusicas.org\/index.php\/wp-json\/wp\/v2\/posts\/20331","targetHints":{"allow":["GET"]}}],"collection":[{"href":"http:\/\/staging.ibermusicas.org\/index.php\/wp-json\/wp\/v2\/posts"}],"about":[{"href":"http:\/\/staging.ibermusicas.org\/index.php\/wp-json\/wp\/v2\/types\/post"}],"author":[{"embeddable":true,"href":"http:\/\/staging.ibermusicas.org\/index.php\/wp-json\/wp\/v2\/users\/7"}],"replies":[{"embeddable":true,"href":"http:\/\/staging.ibermusicas.org\/index.php\/wp-json\/wp\/v2\/comments?post=20331"}],"version-history":[{"count":1,"href":"http:\/\/staging.ibermusicas.org\/index.php\/wp-json\/wp\/v2\/posts\/20331\/revisions"}],"predecessor-version":[{"id":20332,"href":"http:\/\/staging.ibermusicas.org\/index.php\/wp-json\/wp\/v2\/posts\/20331\/revisions\/20332"}],"wp:featuredmedia":[{"embeddable":true,"href":"http:\/\/staging.ibermusicas.org\/index.php\/wp-json\/wp\/v2\/media\/20329"}],"wp:attachment":[{"href":"http:\/\/staging.ibermusicas.org\/index.php\/wp-json\/wp\/v2\/media?parent=20331"}],"wp:term":[{"taxonomy":"category","embeddable":true,"href":"http:\/\/staging.ibermusicas.org\/index.php\/wp-json\/wp\/v2\/categories?post=20331"},{"taxonomy":"post_tag","embeddable":true,"href":"http:\/\/staging.ibermusicas.org\/index.php\/wp-json\/wp\/v2\/tags?post=20331"}],"curies":[{"name":"wp","href":"https:\/\/api.w.org\/{rel}","templated":true}]}}