{"id":20336,"date":"2024-09-30T22:03:25","date_gmt":"2024-09-30T22:03:25","guid":{"rendered":"http:\/\/staging.ibermusicas.org\/?p=20336"},"modified":"2024-12-04T14:45:18","modified_gmt":"2024-12-04T14:45:18","slug":"a-associacao-panamenha-de-violao-anuncia-o-x-concurso-internacional-de-interpretacao-de-novas-obras","status":"publish","type":"post","link":"http:\/\/staging.ibermusicas.org\/index.php\/a-associacao-panamenha-de-violao-anuncia-o-x-concurso-internacional-de-interpretacao-de-novas-obras\/","title":{"rendered":"A Associa\u00e7\u00e3o Panamenha de Viol\u00e3o anuncia o X Concurso Internacional de Interpreta\u00e7\u00e3o de Novas Obras"},"content":{"rendered":"<p>Com um pr\u00eamio de USD 500 para a execu\u00e7\u00e3o de Bambuco No.1 e 2 do violonista e compositor colombiano Edwin Guevara Guti\u00e9rrez, a Associa\u00e7\u00e3o de Viol\u00e3o do Panam\u00e1 anuncia o X Concurso Internacional de Interpreta\u00e7\u00e3o de Novas Obras.<\/p>\n<p>O j\u00fari ser\u00e1 formado por Edwin Guevara Guti\u00e9rrez (Col\u00f4mbia), Nadia Borislova (R\u00fassia\/M\u00e9xico), Alexander Parra (Col\u00f4mbia), Miguel \u00c1lvarez V\u00e1squez (Chile) e Emiliano Pardo-Trist\u00e1n (Panam\u00e1).<\/p>\n<p>Para participar dessa competi\u00e7\u00e3o, \u00e9 necess\u00e1rio enviar um link do YouTube de um v\u00eddeo p\u00fablico n\u00e3o editado do Bambuco No. 1 e 2 de Edwin Guevara Guti\u00e9rrez.<\/p>\n<p>O prazo para o envio do v\u00eddeo \u00e9 domingo, 8 de dezembro de 2024. O j\u00fari anunciar\u00e1 os finalistas na quinta-feira, 12 de dezembro. O pr\u00eamio ser\u00e1 anunciado no domingo, 15 de dezembro de 2024.<\/p>\n<p>O vencedor far\u00e1 um breve concerto pr\u00e9-gravado no s\u00e1bado, 21 de dezembro, incluindo a pe\u00e7a do concurso e um repert\u00f3rio de livre escolha.<\/p>\n<p>Mais informa\u00e7\u00f5es em: epardo@temple.edu<\/p>\n<p>Partitura em: <a href=\"https:\/\/bergmann-edition.com\/collections\/gutierrez-edwinguevara\/products\/gutierrez-bambuco-no-1-and-2\">https:\/\/bergmann-edition.com\/collections\/gutierrez-edwinguevara\/products\/gutierrez-bambuco-no-1-and-2<\/a><\/p>\n","protected":false},"excerpt":{"rendered":"<p>Com um pr\u00eamio de USD 500 para a execu\u00e7\u00e3o de Bambuco No.1 e 2 do violonista e compositor colombiano Edwin Guevara Guti\u00e9rrez, a Associa\u00e7\u00e3o de Viol\u00e3o do Panam\u00e1 anuncia o X Concurso Internacional de Interpreta\u00e7\u00e3o de Novas Obras. O j\u00fari ser\u00e1 formado por Edwin Guevara Guti\u00e9rrez (Col\u00f4mbia), Nadia Borislova (R\u00fassia\/M\u00e9xico), Alexander Parra (Col\u00f4mbia), Miguel \u00c1lvarez [&hellip;]<\/p>\n","protected":false},"author":7,"featured_media":20334,"comment_status":"closed","ping_status":"closed","sticky":false,"template":"","format":"standard","meta":{"footnotes":""},"categories":[218],"tags":[],"class_list":["post-20336","post","type-post","status-publish","format-standard","has-post-thumbnail","hentry","category-noticias-generales-pt"],"lang":"pt","translations":{"pt":20336,"es":20333},"pll_sync_post":[],"post_mailing_queue_ids":[],"_links":{"self":[{"href":"http:\/\/staging.ibermusicas.org\/index.php\/wp-json\/wp\/v2\/posts\/20336","targetHints":{"allow":["GET"]}}],"collection":[{"href":"http:\/\/staging.ibermusicas.org\/index.php\/wp-json\/wp\/v2\/posts"}],"about":[{"href":"http:\/\/staging.ibermusicas.org\/index.php\/wp-json\/wp\/v2\/types\/post"}],"author":[{"embeddable":true,"href":"http:\/\/staging.ibermusicas.org\/index.php\/wp-json\/wp\/v2\/users\/7"}],"replies":[{"embeddable":true,"href":"http:\/\/staging.ibermusicas.org\/index.php\/wp-json\/wp\/v2\/comments?post=20336"}],"version-history":[{"count":1,"href":"http:\/\/staging.ibermusicas.org\/index.php\/wp-json\/wp\/v2\/posts\/20336\/revisions"}],"predecessor-version":[{"id":20337,"href":"http:\/\/staging.ibermusicas.org\/index.php\/wp-json\/wp\/v2\/posts\/20336\/revisions\/20337"}],"wp:featuredmedia":[{"embeddable":true,"href":"http:\/\/staging.ibermusicas.org\/index.php\/wp-json\/wp\/v2\/media\/20334"}],"wp:attachment":[{"href":"http:\/\/staging.ibermusicas.org\/index.php\/wp-json\/wp\/v2\/media?parent=20336"}],"wp:term":[{"taxonomy":"category","embeddable":true,"href":"http:\/\/staging.ibermusicas.org\/index.php\/wp-json\/wp\/v2\/categories?post=20336"},{"taxonomy":"post_tag","embeddable":true,"href":"http:\/\/staging.ibermusicas.org\/index.php\/wp-json\/wp\/v2\/tags?post=20336"}],"curies":[{"name":"wp","href":"https:\/\/api.w.org\/{rel}","templated":true}]}}