{"id":20452,"date":"2024-10-14T16:11:04","date_gmt":"2024-10-14T16:11:04","guid":{"rendered":"http:\/\/staging.ibermusicas.org\/?p=20452"},"modified":"2024-10-14T16:11:04","modified_gmt":"2024-10-14T16:11:04","slug":"no-ambito-da-sua-extensa-digressao-pela-asia-africa-e-europa-a-dupla-brasileira-livia-fred-fara-um-concerto-com-o-ensemble-oniros-de-portugal","status":"publish","type":"post","link":"http:\/\/staging.ibermusicas.org\/index.php\/no-ambito-da-sua-extensa-digressao-pela-asia-africa-e-europa-a-dupla-brasileira-livia-fred-fara-um-concerto-com-o-ensemble-oniros-de-portugal\/","title":{"rendered":"No \u00e2mbito da sua extensa digress\u00e3o pela \u00c1sia, \u00c1frica e Europa, a dupla brasileira L\u00edvia &#038; Fred far\u00e1 um concerto com o Ensemble Oniros, de Portugal"},"content":{"rendered":"<p>Cl\u00e1ssico e contempor\u00e2neo, popular e erudito, do Brasil e do mundo, t\u00e3o experimental quanto tenro, o passeio sonoro tra\u00e7ado por L\u00edvia &amp; Fred arrebata plateias por onde passa.<\/p>\n<p>&nbsp;<\/p>\n<p>A convite do Teatro Municipal de Vila Real (Portugal), ser\u00e1 realizada a estreia de um projeto in\u00e9dito, fruto do encontro entre a dupla brasileira L\u00edvia Nestrovski (voz) &amp; Fred Ferreira (guitarras) e o grupo portugu\u00eas Ensemble Oniros, formado por piano, clarinete\/clarone, violino e percuss\u00e3o. Ser\u00e3o dez pe\u00e7as\/can\u00e7\u00f5es, sendo cinco brasileiras e cinco portuguesas, todas compostas ou arranjadas especialmente para esta forma\u00e7\u00e3o.<\/p>\n<p>&nbsp;<\/p>\n<p>Parceiros h\u00e1 15 anos, lan\u00e7aram o disco DUO (2013) e apresentaram-se em mais de 20 pa\u00edses em frequentes turn\u00eas, numa diversidade de locais que vai desde a Amaz\u00f4nia at\u00e9 o Monte L\u00edbano; de festas liter\u00e1rias em cidades medievais a aldeias ind\u00edgenas do sert\u00e3o brasileiro; da mais ic\u00f4nica feira de moda da Am\u00e9rica Latina ao maior festival de m\u00fasica brasileira de Nova Iorque; de grandes salas de concerto a \u00e1reas rurais do Brasil profundo.<\/p>\n<p>&nbsp;<\/p>\n<p>Em 2017 se apresentaram na \u00d3pera de Damasco em concerto promovido pelo Itamaraty, sendo os primeiros m\u00fasicos brasileiros a pisar em solo s\u00edrio desde o in\u00edcio dos conflitos. Em 2018 fizeram a trilha sonora ao vivo do desfile \u00abAs Mudas\u00bb, de Ronaldo Fraga para a S\u00e3o Paulo Fashion Week, considerado \u201ca maior obra de moda desta edi\u00e7\u00e3o da SPFW\u201d pela Folha de S. Paulo.<\/p>\n<p>&nbsp;<\/p>\n<p>A proposta de L\u00edvia &amp; Fred foi escolhida como vencedora das Ajudas \u00e0 Circula\u00e7\u00e3o do Programa Iberm\u00fasicas nas convocat\u00f3rias de 2018 e 2023.<\/p>\n<p>&nbsp;<\/p>\n<ul>\n<li>19 ao 22 de outubro: Festival MATE, Coimbra, Portugal<\/li>\n<li>8 de novembro:Teatro A Moagem, Fund\u00e3o, Portugal<\/li>\n<li>9 de novembro: Teatro Cine Gouveia, Gouveia, Portugal<\/li>\n<li>16 de novembro, 21h30: Concerto juntamente com Ensemble Oniros no Grande Audit\u00f3rio do Teatro Municipal de Vila Real, Portugal. Estreia mundial de pe\u00e7as escritas especialmente para o grupo<\/li>\n<\/ul>\n","protected":false},"excerpt":{"rendered":"<p>Cl\u00e1ssico e contempor\u00e2neo, popular e erudito, do Brasil e do mundo, t\u00e3o experimental quanto tenro, o passeio sonoro tra\u00e7ado por L\u00edvia &amp; Fred arrebata plateias por onde passa. &nbsp; A convite do Teatro Municipal de Vila Real (Portugal), ser\u00e1 realizada a estreia de um projeto in\u00e9dito, fruto do encontro entre a dupla brasileira L\u00edvia Nestrovski [&hellip;]<\/p>\n","protected":false},"author":7,"featured_media":20450,"comment_status":"closed","ping_status":"closed","sticky":false,"template":"","format":"standard","meta":{"footnotes":""},"categories":[218],"tags":[],"class_list":["post-20452","post","type-post","status-publish","format-standard","has-post-thumbnail","hentry","category-noticias-generales-pt"],"lang":"pt","translations":{"pt":20452,"es":20449},"pll_sync_post":[],"post_mailing_queue_ids":[],"_links":{"self":[{"href":"http:\/\/staging.ibermusicas.org\/index.php\/wp-json\/wp\/v2\/posts\/20452","targetHints":{"allow":["GET"]}}],"collection":[{"href":"http:\/\/staging.ibermusicas.org\/index.php\/wp-json\/wp\/v2\/posts"}],"about":[{"href":"http:\/\/staging.ibermusicas.org\/index.php\/wp-json\/wp\/v2\/types\/post"}],"author":[{"embeddable":true,"href":"http:\/\/staging.ibermusicas.org\/index.php\/wp-json\/wp\/v2\/users\/7"}],"replies":[{"embeddable":true,"href":"http:\/\/staging.ibermusicas.org\/index.php\/wp-json\/wp\/v2\/comments?post=20452"}],"version-history":[{"count":1,"href":"http:\/\/staging.ibermusicas.org\/index.php\/wp-json\/wp\/v2\/posts\/20452\/revisions"}],"predecessor-version":[{"id":20453,"href":"http:\/\/staging.ibermusicas.org\/index.php\/wp-json\/wp\/v2\/posts\/20452\/revisions\/20453"}],"wp:featuredmedia":[{"embeddable":true,"href":"http:\/\/staging.ibermusicas.org\/index.php\/wp-json\/wp\/v2\/media\/20450"}],"wp:attachment":[{"href":"http:\/\/staging.ibermusicas.org\/index.php\/wp-json\/wp\/v2\/media?parent=20452"}],"wp:term":[{"taxonomy":"category","embeddable":true,"href":"http:\/\/staging.ibermusicas.org\/index.php\/wp-json\/wp\/v2\/categories?post=20452"},{"taxonomy":"post_tag","embeddable":true,"href":"http:\/\/staging.ibermusicas.org\/index.php\/wp-json\/wp\/v2\/tags?post=20452"}],"curies":[{"name":"wp","href":"https:\/\/api.w.org\/{rel}","templated":true}]}}