{"id":20454,"date":"2024-10-14T16:13:25","date_gmt":"2024-10-14T16:13:25","guid":{"rendered":"http:\/\/staging.ibermusicas.org\/?p=20454"},"modified":"2024-12-04T14:48:15","modified_gmt":"2024-12-04T14:48:15","slug":"el-ensamble-del-viento-de-ecuador-se-presentara-en-la-edicion-argentina-del-festival-sonamos-latinoamerica","status":"publish","type":"post","link":"http:\/\/staging.ibermusicas.org\/index.php\/el-ensamble-del-viento-de-ecuador-se-presentara-en-la-edicion-argentina-del-festival-sonamos-latinoamerica\/","title":{"rendered":"El Ensamble del Viento de Ecuador se presentar\u00e1 en la edici\u00f3n argentina del festival Sonamos Latinoam\u00e9rica"},"content":{"rendered":"<p>El Ensamble del Viento es una orquesta de instrumentos tradicionales de los Andes que propone la revalorizaci\u00f3n y la investigaci\u00f3n de los aer\u00f3fonos andinos.<\/p>\n<p>&nbsp;<\/p>\n<p>Este grupo nacido en 2017 ha tenido un impacto significativo en la escena musical ecuatoriana. Se trata de una agrupaci\u00f3n, \u00fanica en su tipo, dado que enmarca su trabajo en diversas iniciativas de arte ambiental y conservaci\u00f3n del patrimonio, mediante la creaci\u00f3n de nuevos repertorios y metodolog\u00edas de aprendizaje de los instrumentos milenarios que lo conforman.<\/p>\n<p>&nbsp;<\/p>\n<p>Su espect\u00e1culo \u201cDanzando con las bacterias\u201d es una obra de m\u00fasica, danza y artes visuales en torno a la relaci\u00f3n entre la humanidad, las bacterias y la Madre Tierra, creada entre artistas, cient\u00edficos, comunicadores y activistas consagrados a la contenci\u00f3n de la resistencia a los antibi\u00f3ticos.<\/p>\n<p>&nbsp;<\/p>\n<p>El Ensamble del Viento ha sido ganador de las Ayudas a la Circulaci\u00f3n del Programa Iberm\u00fasicas en las convocatorias 2023.<\/p>\n<p><strong>\u00a0<\/strong><\/p>\n<ul>\n<li>23 de octubre: taller y ensayos para \u00abDanzando con las Bacterias\u00bb con estudiantes de la Universidad del Litoral, Argentina<\/li>\n<li>25 de octubre: concierto \u00abDanzando con las Bacterias\u00bb en el Centro Cultural Provincial, Santa Fe, Argentina<\/li>\n<li>26 de octubre: Concierto \u00abDanzando con las Bacterias\u00bb en el Centro Cultural Provincial, Santa Fe, Argentina<\/li>\n<\/ul>\n","protected":false},"excerpt":{"rendered":"<p>El Ensamble del Viento es una orquesta de instrumentos tradicionales de los Andes que propone la revalorizaci\u00f3n y la investigaci\u00f3n de los aer\u00f3fonos andinos. &nbsp; Este grupo nacido en 2017 ha tenido un impacto significativo en la escena musical ecuatoriana. Se trata de una agrupaci\u00f3n, \u00fanica en su tipo, dado que enmarca su trabajo en [&hellip;]<\/p>\n","protected":false},"author":7,"featured_media":20455,"comment_status":"closed","ping_status":"closed","sticky":false,"template":"","format":"standard","meta":{"footnotes":""},"categories":[53],"tags":[],"class_list":["post-20454","post","type-post","status-publish","format-standard","has-post-thumbnail","hentry","category-noticias-generales"],"lang":"es","translations":{"es":20454,"pt":20457},"pll_sync_post":[],"post_mailing_queue_ids":[],"_links":{"self":[{"href":"http:\/\/staging.ibermusicas.org\/index.php\/wp-json\/wp\/v2\/posts\/20454","targetHints":{"allow":["GET"]}}],"collection":[{"href":"http:\/\/staging.ibermusicas.org\/index.php\/wp-json\/wp\/v2\/posts"}],"about":[{"href":"http:\/\/staging.ibermusicas.org\/index.php\/wp-json\/wp\/v2\/types\/post"}],"author":[{"embeddable":true,"href":"http:\/\/staging.ibermusicas.org\/index.php\/wp-json\/wp\/v2\/users\/7"}],"replies":[{"embeddable":true,"href":"http:\/\/staging.ibermusicas.org\/index.php\/wp-json\/wp\/v2\/comments?post=20454"}],"version-history":[{"count":1,"href":"http:\/\/staging.ibermusicas.org\/index.php\/wp-json\/wp\/v2\/posts\/20454\/revisions"}],"predecessor-version":[{"id":20456,"href":"http:\/\/staging.ibermusicas.org\/index.php\/wp-json\/wp\/v2\/posts\/20454\/revisions\/20456"}],"wp:featuredmedia":[{"embeddable":true,"href":"http:\/\/staging.ibermusicas.org\/index.php\/wp-json\/wp\/v2\/media\/20455"}],"wp:attachment":[{"href":"http:\/\/staging.ibermusicas.org\/index.php\/wp-json\/wp\/v2\/media?parent=20454"}],"wp:term":[{"taxonomy":"category","embeddable":true,"href":"http:\/\/staging.ibermusicas.org\/index.php\/wp-json\/wp\/v2\/categories?post=20454"},{"taxonomy":"post_tag","embeddable":true,"href":"http:\/\/staging.ibermusicas.org\/index.php\/wp-json\/wp\/v2\/tags?post=20454"}],"curies":[{"name":"wp","href":"https:\/\/api.w.org\/{rel}","templated":true}]}}