{"id":20457,"date":"2024-10-14T16:16:13","date_gmt":"2024-10-14T16:16:13","guid":{"rendered":"http:\/\/staging.ibermusicas.org\/?p=20457"},"modified":"2024-12-04T14:45:32","modified_gmt":"2024-12-04T14:45:32","slug":"o-ensamble-del-viento-do-equador-se-apresentara-na-edicao-argentina-do-festival-sonamos-latinoamerica","status":"publish","type":"post","link":"http:\/\/staging.ibermusicas.org\/index.php\/o-ensamble-del-viento-do-equador-se-apresentara-na-edicao-argentina-do-festival-sonamos-latinoamerica\/","title":{"rendered":"O Ensamble del Viento, do Equador, se apresentar\u00e1 na edi\u00e7\u00e3o argentina do festival Sonamos Latinoam\u00e9rica"},"content":{"rendered":"<p>O Ensamble del Viento \u00e9 uma orquestra de instrumentos tradicionais andinos que prop\u00f5e a revaloriza\u00e7\u00e3o e a pesquisa dos aerofones andinos.<\/p>\n<p>Esse grupo, fundado em 2017, teve um impacto significativo no cen\u00e1rio musical equatoriano. \u00c9 um grupo, \u00fanico em seu g\u00eanero, j\u00e1 que enquadra seu trabalho em diversas iniciativas de arte ambiental e conserva\u00e7\u00e3o do patrim\u00f4nio, atrav\u00e9s da cria\u00e7\u00e3o de novos repert\u00f3rios e metodologias de aprendizagem dos instrumentos milenares que o comp\u00f5em.<\/p>\n<p>Seu show \u201cDan\u00e7ando com as bact\u00e9rias\u201d \u00e9 um trabalho de m\u00fasica, dan\u00e7a e artes visuais sobre a rela\u00e7\u00e3o entre a humanidade, as bact\u00e9rias e a M\u00e3e Terra, criado entre artistas, cientistas, comunicadores e ativistas dedicados \u00e0 conten\u00e7\u00e3o da resist\u00eancia aos antibi\u00f3ticos.<\/p>\n<p>O Ensamble del Viento ganhou as Ajudas \u00e0 Circula\u00e7\u00e3o do Programa Iberm\u00fasicas nas convocat\u00f3rias de 2023.<\/p>\n<p>&nbsp;<\/p>\n<ul>\n<li>23 de outubro: workshop e ensaios para \u201cDan\u00e7ando com as bact\u00e9rias\u201d com alunos da Universidad del Litoral, Argentina.<\/li>\n<li>25 de outubro: Concerto \u201cDan\u00e7ando com as bact\u00e9rias\u201d no Centro Cultural Provincial, Santa F\u00e9, Argentina.<\/li>\n<li>26 de outubro: Concerto \u201cDan\u00e7ando com as bact\u00e9rias\u201d no Centro Cultural Provincial, Santa F\u00e9, Argentina<\/li>\n<\/ul>\n","protected":false},"excerpt":{"rendered":"<p>O Ensamble del Viento \u00e9 uma orquestra de instrumentos tradicionais andinos que prop\u00f5e a revaloriza\u00e7\u00e3o e a pesquisa dos aerofones andinos. Esse grupo, fundado em 2017, teve um impacto significativo no cen\u00e1rio musical equatoriano. \u00c9 um grupo, \u00fanico em seu g\u00eanero, j\u00e1 que enquadra seu trabalho em diversas iniciativas de arte ambiental e conserva\u00e7\u00e3o do [&hellip;]<\/p>\n","protected":false},"author":7,"featured_media":20455,"comment_status":"closed","ping_status":"closed","sticky":false,"template":"","format":"standard","meta":{"footnotes":""},"categories":[218],"tags":[],"class_list":["post-20457","post","type-post","status-publish","format-standard","has-post-thumbnail","hentry","category-noticias-generales-pt"],"lang":"pt","translations":{"pt":20457,"es":20454},"pll_sync_post":[],"post_mailing_queue_ids":[],"_links":{"self":[{"href":"http:\/\/staging.ibermusicas.org\/index.php\/wp-json\/wp\/v2\/posts\/20457","targetHints":{"allow":["GET"]}}],"collection":[{"href":"http:\/\/staging.ibermusicas.org\/index.php\/wp-json\/wp\/v2\/posts"}],"about":[{"href":"http:\/\/staging.ibermusicas.org\/index.php\/wp-json\/wp\/v2\/types\/post"}],"author":[{"embeddable":true,"href":"http:\/\/staging.ibermusicas.org\/index.php\/wp-json\/wp\/v2\/users\/7"}],"replies":[{"embeddable":true,"href":"http:\/\/staging.ibermusicas.org\/index.php\/wp-json\/wp\/v2\/comments?post=20457"}],"version-history":[{"count":1,"href":"http:\/\/staging.ibermusicas.org\/index.php\/wp-json\/wp\/v2\/posts\/20457\/revisions"}],"predecessor-version":[{"id":20458,"href":"http:\/\/staging.ibermusicas.org\/index.php\/wp-json\/wp\/v2\/posts\/20457\/revisions\/20458"}],"wp:featuredmedia":[{"embeddable":true,"href":"http:\/\/staging.ibermusicas.org\/index.php\/wp-json\/wp\/v2\/media\/20455"}],"wp:attachment":[{"href":"http:\/\/staging.ibermusicas.org\/index.php\/wp-json\/wp\/v2\/media?parent=20457"}],"wp:term":[{"taxonomy":"category","embeddable":true,"href":"http:\/\/staging.ibermusicas.org\/index.php\/wp-json\/wp\/v2\/categories?post=20457"},{"taxonomy":"post_tag","embeddable":true,"href":"http:\/\/staging.ibermusicas.org\/index.php\/wp-json\/wp\/v2\/tags?post=20457"}],"curies":[{"name":"wp","href":"https:\/\/api.w.org\/{rel}","templated":true}]}}