{"id":20459,"date":"2024-10-14T16:18:53","date_gmt":"2024-10-14T16:18:53","guid":{"rendered":"http:\/\/staging.ibermusicas.org\/?p=20459"},"modified":"2024-12-04T14:48:21","modified_gmt":"2024-12-04T14:48:21","slug":"el-musicologo-diego-alberto-gomez-nieto-presenta-su-seminario-taller-y-conferencia-experimentalismo-musica-y-auralidad-bogota-como-lugar-de-escucha","status":"publish","type":"post","link":"http:\/\/staging.ibermusicas.org\/index.php\/el-musicologo-diego-alberto-gomez-nieto-presenta-su-seminario-taller-y-conferencia-experimentalismo-musica-y-auralidad-bogota-como-lugar-de-escucha\/","title":{"rendered":"El music\u00f3logo Diego Alberto G\u00f3mez Nieto presenta su seminario, taller y conferencia \u201cExperimentalismo, M\u00fasica y Auralidad &#8211; Bogot\u00e1 como lugar de escucha\u201d"},"content":{"rendered":"<p>La propuesta es resultado de la investigaci\u00f3n en torno del proyecto \u201cLa ciudad sonora &#8211; Experimentalismo, m\u00fasica y auralidad &#8211;\u00a0 Bogot\u00e1 como lugar de escucha\u201d que resultara ganador de la beca de investigaci\u00f3n \u201cBogot\u00e1, espacio para el conocimiento de las Artes 2021\u201d del Instituto Distrital de las Artes de Bogot\u00e1. El objetivo es la difusi\u00f3n de la producci\u00f3n art\u00edstica de la escena de la m\u00fasica experimental de la ciudad de Bogot\u00e1 pensada desde la reflexi\u00f3n te\u00f3rica que hacen los estudios del sonido y est\u00e1 dirigido, en modalidad de seminario\/taller y conferencia, a estudiantes de m\u00fasica y todo interesado en el tema en general, su escucha y apreciaci\u00f3n.<\/p>\n<p>&nbsp;<\/p>\n<p>Diego Alberto G\u00f3mez Nieto es docente investigador de la Fundaci\u00f3n Universitaria Juan N. Corpas en Bogot\u00e1, Colombia donde lidera el grupo de investigaci\u00f3n \u201cCrearte\u201d y dirige el departamento de Musicolog\u00eda de la escuela de M\u00fasica. Es docente catedr\u00e1tico a nivel de pregrado y posgrado en la Pontificia Universidad Javeriana. Guitarrista y magister en musicolog\u00eda de la Universidad de Chile. Sus investigaciones se relacionan con el tema de la m\u00fasica experimental en la ciudad de Bogot\u00e1 y la investigaci\u00f3n art\u00edstica en Latinoam\u00e9rica desde los estudios del sonido y la semi\u00f3tica musical. Es miembro de la Asociaci\u00f3n Internacional para el estudio de la M\u00fasica Popular (IASPM-AL).<\/p>\n<p>&nbsp;<\/p>\n<p>Esta residencia de Diego Alberto G\u00f3mez Nieto es posible gracias al apoyo del Programa Iberm\u00fasicas mediante sus Ayudas a Compositores para Residencias Art\u00edsticas, convocatoria 2023.<\/p>\n<p>&nbsp;<\/p>\n<ul>\n<li>24, 25 y 26 de octubre en Universidad de las Artes, Bremen, Alemania<\/li>\n<\/ul>\n","protected":false},"excerpt":{"rendered":"<p>La propuesta es resultado de la investigaci\u00f3n en torno del proyecto \u201cLa ciudad sonora &#8211; Experimentalismo, m\u00fasica y auralidad &#8211;\u00a0 Bogot\u00e1 como lugar de escucha\u201d que resultara ganador de la beca de investigaci\u00f3n \u201cBogot\u00e1, espacio para el conocimiento de las Artes 2021\u201d del Instituto Distrital de las Artes de Bogot\u00e1. El objetivo es la difusi\u00f3n [&hellip;]<\/p>\n","protected":false},"author":7,"featured_media":20460,"comment_status":"closed","ping_status":"closed","sticky":false,"template":"","format":"standard","meta":{"footnotes":""},"categories":[53],"tags":[],"class_list":["post-20459","post","type-post","status-publish","format-standard","has-post-thumbnail","hentry","category-noticias-generales"],"lang":"es","translations":{"es":20459,"pt":20462},"pll_sync_post":[],"post_mailing_queue_ids":[],"_links":{"self":[{"href":"http:\/\/staging.ibermusicas.org\/index.php\/wp-json\/wp\/v2\/posts\/20459","targetHints":{"allow":["GET"]}}],"collection":[{"href":"http:\/\/staging.ibermusicas.org\/index.php\/wp-json\/wp\/v2\/posts"}],"about":[{"href":"http:\/\/staging.ibermusicas.org\/index.php\/wp-json\/wp\/v2\/types\/post"}],"author":[{"embeddable":true,"href":"http:\/\/staging.ibermusicas.org\/index.php\/wp-json\/wp\/v2\/users\/7"}],"replies":[{"embeddable":true,"href":"http:\/\/staging.ibermusicas.org\/index.php\/wp-json\/wp\/v2\/comments?post=20459"}],"version-history":[{"count":1,"href":"http:\/\/staging.ibermusicas.org\/index.php\/wp-json\/wp\/v2\/posts\/20459\/revisions"}],"predecessor-version":[{"id":20461,"href":"http:\/\/staging.ibermusicas.org\/index.php\/wp-json\/wp\/v2\/posts\/20459\/revisions\/20461"}],"wp:featuredmedia":[{"embeddable":true,"href":"http:\/\/staging.ibermusicas.org\/index.php\/wp-json\/wp\/v2\/media\/20460"}],"wp:attachment":[{"href":"http:\/\/staging.ibermusicas.org\/index.php\/wp-json\/wp\/v2\/media?parent=20459"}],"wp:term":[{"taxonomy":"category","embeddable":true,"href":"http:\/\/staging.ibermusicas.org\/index.php\/wp-json\/wp\/v2\/categories?post=20459"},{"taxonomy":"post_tag","embeddable":true,"href":"http:\/\/staging.ibermusicas.org\/index.php\/wp-json\/wp\/v2\/tags?post=20459"}],"curies":[{"name":"wp","href":"https:\/\/api.w.org\/{rel}","templated":true}]}}