{"id":20462,"date":"2024-10-14T16:21:09","date_gmt":"2024-10-14T16:21:09","guid":{"rendered":"http:\/\/staging.ibermusicas.org\/?p=20462"},"modified":"2024-12-04T14:45:39","modified_gmt":"2024-12-04T14:45:39","slug":"o-musicologo-diego-alberto-gomez-nieto-apresenta-seu-seminario-workshop-e-conferencia-experimentalismo-musica-e-auralidade-bogota-como-lugar-de-escuta","status":"publish","type":"post","link":"http:\/\/staging.ibermusicas.org\/index.php\/o-musicologo-diego-alberto-gomez-nieto-apresenta-seu-seminario-workshop-e-conferencia-experimentalismo-musica-e-auralidade-bogota-como-lugar-de-escuta\/","title":{"rendered":"O music\u00f3logo Diego Alberto G\u00f3mez Nieto apresenta seu semin\u00e1rio, workshop e confer\u00eancia \u201cExperimentalismo, M\u00fasica e Auralidade &#8211; Bogot\u00e1 como lugar de escuta\u201d"},"content":{"rendered":"<p>A proposta \u00e9 o resultado da pesquisa do projeto \u201cA cidade sonora &#8211; Experimentalismo, m\u00fasica y auralidad &#8211; Bogot\u00e1 como lugar de escuta\u201d, que ganhou a bolsa de pesquisa \u201cBogot\u00e1, espacio para el conocimiento de las Artes 2021\u201d do Instituto Distrital de las Artes de Bogot\u00e1. O objetivo \u00e9 divulgar a produ\u00e7\u00e3o art\u00edstica do cen\u00e1rio da m\u00fasica experimental na cidade de Bogot\u00e1, com base na reflex\u00e3o te\u00f3rica dos estudos sonoros, e destina-se, na forma de semin\u00e1rio\/workshop e confer\u00eancia, a estudantes de m\u00fasica e a qualquer pessoa interessada no assunto em geral, em sua audi\u00e7\u00e3o e aprecia\u00e7\u00e3o.<\/p>\n<p>&nbsp;<\/p>\n<p>Diego Alberto G\u00f3mez Nieto \u00e9 professor pesquisador da Funda\u00e7\u00e3o Universitaria Juan N. Corpas em Bogot\u00e1, Col\u00f4mbia, onde lidera o grupo de pesquisa \u201cCrearte\u201d e dirige o Departamento de Musicologia da Escola de M\u00fasica. \u00c9 professor em n\u00edvel de gradua\u00e7\u00e3o e p\u00f3s-gradua\u00e7\u00e3o na Pontificia Universidad Javeriana. \u00c9 violonista e tem mestrado em musicologia pela Universidad de Chile. Sua pesquisa est\u00e1 relacionada \u00e0 m\u00fasica experimental na cidade de Bogot\u00e1 e \u00e0 pesquisa art\u00edstica na Am\u00e9rica Latina a partir da perspectiva dos estudos sonoros e da semi\u00f3tica musical. Ele \u00e9 membro da Associa\u00e7\u00e3o Internacional para o Estudo da M\u00fasica Popular (IASPM-AL).<\/p>\n<p>&nbsp;<\/p>\n<p>Essa resid\u00eancia de Diego Alberto G\u00f3mez Nieto \u00e9 poss\u00edvel gra\u00e7as ao apoio do Programa Iberm\u00fasicas por meio de suas Ajudas a Compositores para Resid\u00eancias Art\u00edsticas, chamada 2023.<\/p>\n<p>&nbsp;<\/p>\n<ul>\n<li>24, 25 e 26 de outubro na University of the Arts, Bremen, Alemanha<\/li>\n<\/ul>\n","protected":false},"excerpt":{"rendered":"<p>A proposta \u00e9 o resultado da pesquisa do projeto \u201cA cidade sonora &#8211; Experimentalismo, m\u00fasica y auralidad &#8211; Bogot\u00e1 como lugar de escuta\u201d, que ganhou a bolsa de pesquisa \u201cBogot\u00e1, espacio para el conocimiento de las Artes 2021\u201d do Instituto Distrital de las Artes de Bogot\u00e1. O objetivo \u00e9 divulgar a produ\u00e7\u00e3o art\u00edstica do cen\u00e1rio [&hellip;]<\/p>\n","protected":false},"author":7,"featured_media":20460,"comment_status":"closed","ping_status":"closed","sticky":false,"template":"","format":"standard","meta":{"footnotes":""},"categories":[218],"tags":[],"class_list":["post-20462","post","type-post","status-publish","format-standard","has-post-thumbnail","hentry","category-noticias-generales-pt"],"lang":"pt","translations":{"pt":20462,"es":20459},"pll_sync_post":[],"post_mailing_queue_ids":[],"_links":{"self":[{"href":"http:\/\/staging.ibermusicas.org\/index.php\/wp-json\/wp\/v2\/posts\/20462","targetHints":{"allow":["GET"]}}],"collection":[{"href":"http:\/\/staging.ibermusicas.org\/index.php\/wp-json\/wp\/v2\/posts"}],"about":[{"href":"http:\/\/staging.ibermusicas.org\/index.php\/wp-json\/wp\/v2\/types\/post"}],"author":[{"embeddable":true,"href":"http:\/\/staging.ibermusicas.org\/index.php\/wp-json\/wp\/v2\/users\/7"}],"replies":[{"embeddable":true,"href":"http:\/\/staging.ibermusicas.org\/index.php\/wp-json\/wp\/v2\/comments?post=20462"}],"version-history":[{"count":1,"href":"http:\/\/staging.ibermusicas.org\/index.php\/wp-json\/wp\/v2\/posts\/20462\/revisions"}],"predecessor-version":[{"id":20463,"href":"http:\/\/staging.ibermusicas.org\/index.php\/wp-json\/wp\/v2\/posts\/20462\/revisions\/20463"}],"wp:featuredmedia":[{"embeddable":true,"href":"http:\/\/staging.ibermusicas.org\/index.php\/wp-json\/wp\/v2\/media\/20460"}],"wp:attachment":[{"href":"http:\/\/staging.ibermusicas.org\/index.php\/wp-json\/wp\/v2\/media?parent=20462"}],"wp:term":[{"taxonomy":"category","embeddable":true,"href":"http:\/\/staging.ibermusicas.org\/index.php\/wp-json\/wp\/v2\/categories?post=20462"},{"taxonomy":"post_tag","embeddable":true,"href":"http:\/\/staging.ibermusicas.org\/index.php\/wp-json\/wp\/v2\/tags?post=20462"}],"curies":[{"name":"wp","href":"https:\/\/api.w.org\/{rel}","templated":true}]}}