{"id":20464,"date":"2024-10-14T16:25:18","date_gmt":"2024-10-14T16:25:18","guid":{"rendered":"http:\/\/staging.ibermusicas.org\/?p=20464"},"modified":"2024-12-04T14:48:36","modified_gmt":"2024-12-04T14:48:36","slug":"la-agrupacion-colombiana-koede-musica-embera-katio-se-presentara-en-el-festival-locombia-de-toulouse-francia","status":"publish","type":"post","link":"http:\/\/staging.ibermusicas.org\/index.php\/la-agrupacion-colombiana-koede-musica-embera-katio-se-presentara-en-el-festival-locombia-de-toulouse-francia\/","title":{"rendered":"La agrupaci\u00f3n colombiana Koede (M\u00fasica Embera Kat\u00edo) se presentar\u00e1 en el Festival Locombia de Toulouse, Francia"},"content":{"rendered":"<p>Koede es un grupo musical originario de las comunidades de Alto Andagueda, situadas en los departamentos de Choc\u00f3 y Risaralda. Fundado por los hermanos Walter y Gonzalo Queragama, el grupo nace con la visi\u00f3n de preservar y transmitir las tradiciones musicales y orales de su pueblo.<\/p>\n<p>&nbsp;<\/p>\n<p>Desde temprana edad, crecieron rodeados de los sonidos de los instrumentos tradicionales que sus padres, abuelos y ancestros utilizaban en celebraciones y rituales comunitarios, fusionando con guitarras ac\u00fasticas, acorde\u00f3n, bajo, campana, caja vallenata, la herencia musical afrocolombiana con la diversidad cultural de la regi\u00f3n.<\/p>\n<p>&nbsp;<\/p>\n<p>Inspirados por el deseo de honrar sus ra\u00edces, los Queragama comenzaron a mezclar ritmos de cumbia, carranga y otros g\u00e9neros afrocolombianos, creando una propuesta musical \u00fanica que evoca tanto las alegr\u00edas como las luchas de su tierra. En su primer EP, Koede logra capturar la esencia de su cultura oral, trasladando mitos, leyendas y vivencias cotidianas a composiciones sencillas y profundas. Este trabajo les permiti\u00f3 consolidarse en su comunidad como una agrupaci\u00f3n que sabe<\/p>\n<p>mantener viva la tradici\u00f3n a trav\u00e9s de la m\u00fasica, creando un puente entre el pasado y el presente mediante sus melod\u00edas y letras cargadas de simbolismo.<\/p>\n<p>&nbsp;<\/p>\n<p>Koede no solo representa el sonido de su pueblo, sino que tambi\u00e9n busca visibilizar la riqueza cultural de los territorios de Alto Andagueda, invitando al mundo a descubrir la historia y el legado que late en el coraz\u00f3n de su m\u00fasica.<\/p>\n<p>&nbsp;<\/p>\n<p>En procura de que la cultura Embera sea expuesta en contextos internacionales, la agrupaci\u00f3n colombiana Koede se presentar\u00e1 en el Festival Locombia de Toulouse, Francia gracias al apoyo del Programa Iberm\u00fasicas.<\/p>\n<p>&nbsp;<\/p>\n<ul>\n<li>24 de octubre, 18h: Concierto en Universidad Jean Jaur\u00e8s, Toulouse, Francia<\/li>\n<li>25 de octubre: D\u00eda de Encuentros en Universidad Jean Jaur\u00e8s, Toulouse, Francia<\/li>\n<li>25 de octubre, 13h: Concierto en Festival 24 Horas del Acorde\u00f3n, Cave Po\u00e9sie, Toulouse, Francia<\/li>\n<\/ul>\n","protected":false},"excerpt":{"rendered":"<p>Koede es un grupo musical originario de las comunidades de Alto Andagueda, situadas en los departamentos de Choc\u00f3 y Risaralda. Fundado por los hermanos Walter y Gonzalo Queragama, el grupo nace con la visi\u00f3n de preservar y transmitir las tradiciones musicales y orales de su pueblo. &nbsp; Desde temprana edad, crecieron rodeados de los sonidos [&hellip;]<\/p>\n","protected":false},"author":7,"featured_media":20465,"comment_status":"closed","ping_status":"closed","sticky":false,"template":"","format":"standard","meta":{"footnotes":""},"categories":[53],"tags":[],"class_list":["post-20464","post","type-post","status-publish","format-standard","has-post-thumbnail","hentry","category-noticias-generales"],"lang":"es","translations":{"es":20464,"pt":20467},"pll_sync_post":[],"post_mailing_queue_ids":[],"_links":{"self":[{"href":"http:\/\/staging.ibermusicas.org\/index.php\/wp-json\/wp\/v2\/posts\/20464","targetHints":{"allow":["GET"]}}],"collection":[{"href":"http:\/\/staging.ibermusicas.org\/index.php\/wp-json\/wp\/v2\/posts"}],"about":[{"href":"http:\/\/staging.ibermusicas.org\/index.php\/wp-json\/wp\/v2\/types\/post"}],"author":[{"embeddable":true,"href":"http:\/\/staging.ibermusicas.org\/index.php\/wp-json\/wp\/v2\/users\/7"}],"replies":[{"embeddable":true,"href":"http:\/\/staging.ibermusicas.org\/index.php\/wp-json\/wp\/v2\/comments?post=20464"}],"version-history":[{"count":1,"href":"http:\/\/staging.ibermusicas.org\/index.php\/wp-json\/wp\/v2\/posts\/20464\/revisions"}],"predecessor-version":[{"id":20466,"href":"http:\/\/staging.ibermusicas.org\/index.php\/wp-json\/wp\/v2\/posts\/20464\/revisions\/20466"}],"wp:featuredmedia":[{"embeddable":true,"href":"http:\/\/staging.ibermusicas.org\/index.php\/wp-json\/wp\/v2\/media\/20465"}],"wp:attachment":[{"href":"http:\/\/staging.ibermusicas.org\/index.php\/wp-json\/wp\/v2\/media?parent=20464"}],"wp:term":[{"taxonomy":"category","embeddable":true,"href":"http:\/\/staging.ibermusicas.org\/index.php\/wp-json\/wp\/v2\/categories?post=20464"},{"taxonomy":"post_tag","embeddable":true,"href":"http:\/\/staging.ibermusicas.org\/index.php\/wp-json\/wp\/v2\/tags?post=20464"}],"curies":[{"name":"wp","href":"https:\/\/api.w.org\/{rel}","templated":true}]}}