{"id":20467,"date":"2024-10-14T16:26:37","date_gmt":"2024-10-14T16:26:37","guid":{"rendered":"http:\/\/staging.ibermusicas.org\/?p=20467"},"modified":"2024-12-04T14:43:09","modified_gmt":"2024-12-04T14:43:09","slug":"o-grupo-colombiano-koede-musica-embera-katio-se-apresentara-no-festival-locombia-em-toulouse-na-franca","status":"publish","type":"post","link":"http:\/\/staging.ibermusicas.org\/index.php\/o-grupo-colombiano-koede-musica-embera-katio-se-apresentara-no-festival-locombia-em-toulouse-na-franca\/","title":{"rendered":"O grupo colombiano Koede (M\u00fasica Embera Kat\u00edo) se apresentar\u00e1 no Festival Locombia em Toulouse, na Fran\u00e7a"},"content":{"rendered":"<p>Koede \u00e9 um grupo musical origin\u00e1rio das comunidades de Alto Andagueda, localizadas nos departamentos de Choc\u00f3 e Risaralda. Fundado pelos irm\u00e3os Walter Gonzalo Queragama, o grupo nasceu com a vis\u00e3o de preservar e transmitir as tradi\u00e7\u00f5es musicais e orais de seu povo.<\/p>\n<p>&nbsp;<\/p>\n<p>Desde cedo, eles cresceram cercados pelos sons dos instrumentos tradicionais que seus pais, av\u00f3s e ancestrais usavam em celebra\u00e7\u00f5es e rituais comunit\u00e1rios, fundindo a heran\u00e7a musical afro-colombiana com a diversidade cultural da regi\u00e3o com viol\u00f5es, acorde\u00e3o, baixo, sino e caixa de vallenato.<\/p>\n<p>Inspirados pelo desejo de honrar suas ra\u00edzes, o Queragama come\u00e7aram a misturar ritmos de cumbia, carranga e outros g\u00eaneros afro-colombianos, criando uma proposta musical \u00fanica que evoca tanto as alegrias quanto as lutas de sua terra. Em seu primeiro EP, Koede consegue captar a ess\u00eancia de sua cultura oral, transferindo mitos, lendas e experi\u00eancias cotidianas para composi\u00e7\u00f5es simples e profundas. Esse trabalho permitiu que eles se consolidaram em sua comunidade como um grupo que sabe como manter a tradi\u00e7\u00e3o viva por meio da m\u00fasica, criando uma ponte entre o passado e o presente com suas melodias e letras cheias de simbolismo.<\/p>\n<p>O Koede n\u00e3o apenas representa o som de seu povo, mas tamb\u00e9m procura tornar vis\u00edvel a riqueza cultural dos territ\u00f3rios do Alto Andagueda, convidando o mundo a descobrir a hist\u00f3ria e o legado que pulsam no cora\u00e7\u00e3o de sua m\u00fasica.<\/p>\n<p>Em um esfor\u00e7o para mostrar a cultura Embera em contextos internacionais, o grupo colombiano Koede se apresentar\u00e1 no Festival Locombia em Toulouse, na Fran\u00e7a, gra\u00e7as ao apoio do Programa Iberm\u00fasicas.<\/p>\n<ul>\n<li>24 de outubro, 18h: Concerto na Universidade Jean Jaur\u00e8s, Toulouse, Fran\u00e7a.<\/li>\n<li>25 de outubro: Dia de reuni\u00e3o na Universidade Jean Jaur\u00e8s, Toulouse, Fran\u00e7a.<\/li>\n<li>25 de outubro, 13h: Concerto no Festival 24 heures de l&#8217;Accordion, Cave Po\u00e9sie, Toulouse, Fran\u00e7a.<\/li>\n<\/ul>\n","protected":false},"excerpt":{"rendered":"<p>Koede \u00e9 um grupo musical origin\u00e1rio das comunidades de Alto Andagueda, localizadas nos departamentos de Choc\u00f3 e Risaralda. Fundado pelos irm\u00e3os Walter Gonzalo Queragama, o grupo nasceu com a vis\u00e3o de preservar e transmitir as tradi\u00e7\u00f5es musicais e orais de seu povo. &nbsp; Desde cedo, eles cresceram cercados pelos sons dos instrumentos tradicionais que seus [&hellip;]<\/p>\n","protected":false},"author":7,"featured_media":20465,"comment_status":"closed","ping_status":"closed","sticky":false,"template":"","format":"standard","meta":{"footnotes":""},"categories":[218],"tags":[],"class_list":["post-20467","post","type-post","status-publish","format-standard","has-post-thumbnail","hentry","category-noticias-generales-pt"],"lang":"pt","translations":{"pt":20467,"es":20464},"pll_sync_post":[],"post_mailing_queue_ids":[],"_links":{"self":[{"href":"http:\/\/staging.ibermusicas.org\/index.php\/wp-json\/wp\/v2\/posts\/20467","targetHints":{"allow":["GET"]}}],"collection":[{"href":"http:\/\/staging.ibermusicas.org\/index.php\/wp-json\/wp\/v2\/posts"}],"about":[{"href":"http:\/\/staging.ibermusicas.org\/index.php\/wp-json\/wp\/v2\/types\/post"}],"author":[{"embeddable":true,"href":"http:\/\/staging.ibermusicas.org\/index.php\/wp-json\/wp\/v2\/users\/7"}],"replies":[{"embeddable":true,"href":"http:\/\/staging.ibermusicas.org\/index.php\/wp-json\/wp\/v2\/comments?post=20467"}],"version-history":[{"count":1,"href":"http:\/\/staging.ibermusicas.org\/index.php\/wp-json\/wp\/v2\/posts\/20467\/revisions"}],"predecessor-version":[{"id":20468,"href":"http:\/\/staging.ibermusicas.org\/index.php\/wp-json\/wp\/v2\/posts\/20467\/revisions\/20468"}],"wp:featuredmedia":[{"embeddable":true,"href":"http:\/\/staging.ibermusicas.org\/index.php\/wp-json\/wp\/v2\/media\/20465"}],"wp:attachment":[{"href":"http:\/\/staging.ibermusicas.org\/index.php\/wp-json\/wp\/v2\/media?parent=20467"}],"wp:term":[{"taxonomy":"category","embeddable":true,"href":"http:\/\/staging.ibermusicas.org\/index.php\/wp-json\/wp\/v2\/categories?post=20467"},{"taxonomy":"post_tag","embeddable":true,"href":"http:\/\/staging.ibermusicas.org\/index.php\/wp-json\/wp\/v2\/tags?post=20467"}],"curies":[{"name":"wp","href":"https:\/\/api.w.org\/{rel}","templated":true}]}}