{"id":20469,"date":"2024-10-14T16:31:25","date_gmt":"2024-10-14T16:31:25","guid":{"rendered":"http:\/\/staging.ibermusicas.org\/?p=20469"},"modified":"2024-12-04T14:48:41","modified_gmt":"2024-12-04T14:48:41","slug":"el-grupo-palo-santo-de-costa-rica-se-estara-presentando-en-el-festival-sonamos-latinoamerica-de-argentina","status":"publish","type":"post","link":"http:\/\/staging.ibermusicas.org\/index.php\/el-grupo-palo-santo-de-costa-rica-se-estara-presentando-en-el-festival-sonamos-latinoamerica-de-argentina\/","title":{"rendered":"El grupo Palo Santo de Costa Rica se estar\u00e1 presentando en el festival \u201cSonamos Latinoam\u00e9rica\u201d de Argentina"},"content":{"rendered":"<p>Palo Santo surge a partir de la uni\u00f3n de m\u00fasicos costarricenses quienes deciden juntar sus esfuerzos para crear un grupo dedicado a recopilar y ejecutar m\u00fasica costarricense as\u00ed como la interpretaci\u00f3n creativa de temas musicales latinoamericanos.<\/p>\n<p>&nbsp;<\/p>\n<p>El grupo Palo Santo busca proyectar mediante \u201cSonamos Latinoam\u00e9rica\u201d la diversidad sonora de las m\u00fasicas costarricenses, compartiendo con el p\u00fablico del festival el material musical costarricense, propiciando un intercambio cultural con el p\u00fablico argentino.<\/p>\n<p>&nbsp;<\/p>\n<p>Palo Santo realizar\u00e1 un recorrido por diversos ritmos e identidades musicales de Costa Rica compartiendo un corpus representativo en torno a la importancia y recepci\u00f3n que han tenido ritmos tales como el Calypso, Pasillo, Parrandera y el Bolero en diversas producciones de Costa Rica.<\/p>\n<p>&nbsp;<\/p>\n<p>Asimismo, Palo Santo desarrollar\u00e1 en el espacio \u201cSonamos con los Chicos\u201d conciertos did\u00e1cticos como una herramienta pedag\u00f3gica que pretende ayudar a los alumnos a entender la m\u00fasica a trav\u00e9s de diferentes culturas y sensibilidades.<\/p>\n<p>&nbsp;<\/p>\n<p>Palo Santo est\u00e1 integrado por Marco Naranjo en la percusi\u00f3n latina, Laura L\u00f3pez en la voz, Juan Jos\u00e9 Torres en el saxof\u00f3n soprano y voz; Pedro Garc\u00eda en el bajo y Fabrizio Barquero en la guitarra quienes viajar\u00e1n a la Argentina con el apoyo del Programa Iberm\u00fasicas.<\/p>\n<p>&nbsp;<\/p>\n<p>&nbsp;<\/p>\n<ul>\n<li>Jueves 24 de octubre, 19h30, Sala UPCN, Santa Fe, Argentina<\/li>\n<li>Jueves 24 de octubre, 20h30, Espacio Cultural La Josefa, Santa Fe, Argentina<\/li>\n<li>Viernes 25 de octubre, 21h, Sala Paco Urondo del Centro Cultural Provincial de Santa Fe, Argentina<\/li>\n<li>S\u00e1bado 26 de octubre, 21h, Sala Paco Urondo del Centro, Santa Fe, Argentina Cultural Provincial de Santa Fe, Argentina<\/li>\n<li>Domingo 27 de octubre, 18h, Casa de la Cultura, Santa Fe, Argentina<\/li>\n<\/ul>\n","protected":false},"excerpt":{"rendered":"<p>Palo Santo surge a partir de la uni\u00f3n de m\u00fasicos costarricenses quienes deciden juntar sus esfuerzos para crear un grupo dedicado a recopilar y ejecutar m\u00fasica costarricense as\u00ed como la interpretaci\u00f3n creativa de temas musicales latinoamericanos. &nbsp; El grupo Palo Santo busca proyectar mediante \u201cSonamos Latinoam\u00e9rica\u201d la diversidad sonora de las m\u00fasicas costarricenses, compartiendo con [&hellip;]<\/p>\n","protected":false},"author":7,"featured_media":20470,"comment_status":"closed","ping_status":"closed","sticky":false,"template":"","format":"standard","meta":{"footnotes":""},"categories":[53],"tags":[],"class_list":["post-20469","post","type-post","status-publish","format-standard","has-post-thumbnail","hentry","category-noticias-generales"],"lang":"es","translations":{"es":20469,"pt":20472},"pll_sync_post":[],"post_mailing_queue_ids":[],"_links":{"self":[{"href":"http:\/\/staging.ibermusicas.org\/index.php\/wp-json\/wp\/v2\/posts\/20469","targetHints":{"allow":["GET"]}}],"collection":[{"href":"http:\/\/staging.ibermusicas.org\/index.php\/wp-json\/wp\/v2\/posts"}],"about":[{"href":"http:\/\/staging.ibermusicas.org\/index.php\/wp-json\/wp\/v2\/types\/post"}],"author":[{"embeddable":true,"href":"http:\/\/staging.ibermusicas.org\/index.php\/wp-json\/wp\/v2\/users\/7"}],"replies":[{"embeddable":true,"href":"http:\/\/staging.ibermusicas.org\/index.php\/wp-json\/wp\/v2\/comments?post=20469"}],"version-history":[{"count":1,"href":"http:\/\/staging.ibermusicas.org\/index.php\/wp-json\/wp\/v2\/posts\/20469\/revisions"}],"predecessor-version":[{"id":20471,"href":"http:\/\/staging.ibermusicas.org\/index.php\/wp-json\/wp\/v2\/posts\/20469\/revisions\/20471"}],"wp:featuredmedia":[{"embeddable":true,"href":"http:\/\/staging.ibermusicas.org\/index.php\/wp-json\/wp\/v2\/media\/20470"}],"wp:attachment":[{"href":"http:\/\/staging.ibermusicas.org\/index.php\/wp-json\/wp\/v2\/media?parent=20469"}],"wp:term":[{"taxonomy":"category","embeddable":true,"href":"http:\/\/staging.ibermusicas.org\/index.php\/wp-json\/wp\/v2\/categories?post=20469"},{"taxonomy":"post_tag","embeddable":true,"href":"http:\/\/staging.ibermusicas.org\/index.php\/wp-json\/wp\/v2\/tags?post=20469"}],"curies":[{"name":"wp","href":"https:\/\/api.w.org\/{rel}","templated":true}]}}