{"id":20472,"date":"2024-10-14T16:33:17","date_gmt":"2024-10-14T16:33:17","guid":{"rendered":"http:\/\/staging.ibermusicas.org\/?p=20472"},"modified":"2024-12-04T14:43:03","modified_gmt":"2024-12-04T14:43:03","slug":"o-grupo-costa-riquenho-palo-santo-se-apresentara-no-festival-sonamos-latinoamerica-na-argentina","status":"publish","type":"post","link":"http:\/\/staging.ibermusicas.org\/index.php\/o-grupo-costa-riquenho-palo-santo-se-apresentara-no-festival-sonamos-latinoamerica-na-argentina\/","title":{"rendered":"O grupo costa-riquenho Palo Santo se apresentar\u00e1 no festival \u201cSonamos Latinoam\u00e9rica\u201d na Argentina"},"content":{"rendered":"<p>O Palo Santo surgiu da uni\u00e3o de m\u00fasicos costarriquenhos que decidiram unir for\u00e7as para criar um grupo dedicado \u00e0 compila\u00e7\u00e3o e apresenta\u00e7\u00e3o de m\u00fasica costarriquenha, bem como \u00e0 interpreta\u00e7\u00e3o criativa de temas musicais latino-americanos.<\/p>\n<p>&nbsp;<\/p>\n<p>O grupo Palo Santo busca projetar atrav\u00e9s de \u201cSonamos Latinoam\u00e9rica\u201d a diversidade sonora da m\u00fasica costarriquenha, compartilhando material musical costarriquenho com o p\u00fablico do festival, promovendo um interc\u00e2mbio cultural com o p\u00fablico argentino.<\/p>\n<p>&nbsp;<\/p>\n<p>Palo Santo far\u00e1 uma viagem por diferentes ritmos e identidades musicais da Costa Rica, compartilhando um corpus representativo sobre a import\u00e2ncia e a recep\u00e7\u00e3o que ritmos como Calypso, Pasillo, Parrandera e Bolero tiveram em diferentes produ\u00e7\u00f5es costa-riquenhas.<\/p>\n<p>&nbsp;<\/p>\n<p>Da mesma forma, o Palo Santo desenvolver\u00e1 no espa\u00e7o \u201cSonamos con los Chicos\u201d concertos did\u00e1ticos como uma ferramenta pedag\u00f3gica que visa ajudar os alunos a entender a m\u00fasica por meio de diferentes culturas e sensibilidades.<\/p>\n<p>&nbsp;<\/p>\n<p>O Palo Santo \u00e9 formado por Marco Naranjo na percuss\u00e3o latina, Laura L\u00f3pez nos vocais, Juan Jos\u00e9 Torres no saxofone soprano e vocais; Pedro Garc\u00eda no baixo e Fabrizio Barquero na guitarra. Eles viajar\u00e3o para a Argentina com o apoio do Programa Iberm\u00fasicas.<\/p>\n<ul>\n<li>Quinta-feira, 24 de outubro, 19h30, Sala UPCN, Santa F\u00e9, Argentina<\/li>\n<li>Quinta-feira, 24 de outubro, 20h30, Espa\u00e7o Cultural La Josefa, Santa F\u00e9, Argentina<\/li>\n<li>Sexta-feira, 25 de outubro, 21h, Sala Paco Urondo do Centro Cultural Provincial de Santa Fe, Santa Fe, Argentina<\/li>\n<li>S\u00e1bado, 26 de outubro, 21h, Sala Paco Urondo do Centro, Santa Fe, Argentina Cultural Provincial de Santa Fe, Argentina<\/li>\n<li>Domingo, 27 de outubro, 18h, Casa de la Cultura, Santa Fe, Argentina<\/li>\n<\/ul>\n","protected":false},"excerpt":{"rendered":"<p>O Palo Santo surgiu da uni\u00e3o de m\u00fasicos costarriquenhos que decidiram unir for\u00e7as para criar um grupo dedicado \u00e0 compila\u00e7\u00e3o e apresenta\u00e7\u00e3o de m\u00fasica costarriquenha, bem como \u00e0 interpreta\u00e7\u00e3o criativa de temas musicais latino-americanos. &nbsp; O grupo Palo Santo busca projetar atrav\u00e9s de \u201cSonamos Latinoam\u00e9rica\u201d a diversidade sonora da m\u00fasica costarriquenha, compartilhando material musical costarriquenho [&hellip;]<\/p>\n","protected":false},"author":7,"featured_media":20470,"comment_status":"closed","ping_status":"closed","sticky":false,"template":"","format":"standard","meta":{"footnotes":""},"categories":[218],"tags":[],"class_list":["post-20472","post","type-post","status-publish","format-standard","has-post-thumbnail","hentry","category-noticias-generales-pt"],"lang":"pt","translations":{"pt":20472,"es":20469},"pll_sync_post":[],"post_mailing_queue_ids":[],"_links":{"self":[{"href":"http:\/\/staging.ibermusicas.org\/index.php\/wp-json\/wp\/v2\/posts\/20472","targetHints":{"allow":["GET"]}}],"collection":[{"href":"http:\/\/staging.ibermusicas.org\/index.php\/wp-json\/wp\/v2\/posts"}],"about":[{"href":"http:\/\/staging.ibermusicas.org\/index.php\/wp-json\/wp\/v2\/types\/post"}],"author":[{"embeddable":true,"href":"http:\/\/staging.ibermusicas.org\/index.php\/wp-json\/wp\/v2\/users\/7"}],"replies":[{"embeddable":true,"href":"http:\/\/staging.ibermusicas.org\/index.php\/wp-json\/wp\/v2\/comments?post=20472"}],"version-history":[{"count":1,"href":"http:\/\/staging.ibermusicas.org\/index.php\/wp-json\/wp\/v2\/posts\/20472\/revisions"}],"predecessor-version":[{"id":20473,"href":"http:\/\/staging.ibermusicas.org\/index.php\/wp-json\/wp\/v2\/posts\/20472\/revisions\/20473"}],"wp:featuredmedia":[{"embeddable":true,"href":"http:\/\/staging.ibermusicas.org\/index.php\/wp-json\/wp\/v2\/media\/20470"}],"wp:attachment":[{"href":"http:\/\/staging.ibermusicas.org\/index.php\/wp-json\/wp\/v2\/media?parent=20472"}],"wp:term":[{"taxonomy":"category","embeddable":true,"href":"http:\/\/staging.ibermusicas.org\/index.php\/wp-json\/wp\/v2\/categories?post=20472"},{"taxonomy":"post_tag","embeddable":true,"href":"http:\/\/staging.ibermusicas.org\/index.php\/wp-json\/wp\/v2\/tags?post=20472"}],"curies":[{"name":"wp","href":"https:\/\/api.w.org\/{rel}","templated":true}]}}