{"id":20479,"date":"2024-10-14T16:38:23","date_gmt":"2024-10-14T16:38:23","guid":{"rendered":"http:\/\/staging.ibermusicas.org\/?p=20479"},"modified":"2024-12-04T14:42:58","modified_gmt":"2024-12-04T14:42:58","slug":"rialengo-apresenta-o-filme-em-busca-do-swing-uma-viagem-pelos-lugares-de-nascimento-da-cumbia","status":"publish","type":"post","link":"http:\/\/staging.ibermusicas.org\/index.php\/rialengo-apresenta-o-filme-em-busca-do-swing-uma-viagem-pelos-lugares-de-nascimento-da-cumbia\/","title":{"rendered":"Rialengo apresenta o filme \u201cEm busca do Swing: uma viagem pelos lugares de nascimento da cumbia\u201d"},"content":{"rendered":"<p>A antestreia do filme documental \u201cEm busca do Swing: uma viagem pelos lugares de nascimento da cumbia\u201d ter\u00e1 lugar no dia 25 de outubro na Biblioteca Nacional da Costa Rica, com o valioso apoio do Programa\u00a0 Iberm\u00fasicas. Esta obra, declarada de interesse cultural pelo Minist\u00e9rio da Cultura, explora a origem da cumbia e a sua liga\u00e7\u00e3o com o swing crioulo costarriquenho, e \u00e9 dirigida por Rialengo e Aguaj\u00e9, dois reconhecidos expoentes da m\u00fasica latino-americana.<\/p>\n<p>Este filme \u00e9 uma viagem atrav\u00e9s de 10 aldeias caribenhas da Col\u00f4mbia, ber\u00e7o do g\u00e9nero musical \u201ccumbia\u201d, que tem sido a base para os dan\u00e7arinos de Swing crioulo da Costa Rica desde os anos 1960. Atrav\u00e9s de imagens vibrantes e entrevistas com m\u00fasicos locais e especialistas, o document\u00e1rio revela a riqueza cultural e a hist\u00f3ria por detr\u00e1s desta tradi\u00e7\u00e3o musical, que influenciou significativamente a m\u00fasica mundial.<\/p>\n<p>O compositor costa-riquenho Rialengo viaja com o produtor e arranjador Pedro V\u00edquez, ambos acompanhados por uma equipa de produ\u00e7\u00e3o, durante um m\u00eas e meio ao longo da costa colombiana, compilando entrevistas e m\u00fasicas da regi\u00e3o.<\/p>\n<p>Este document\u00e1rio \u00e9 um derivado da resid\u00eancia art\u00edstica que o Iberm\u00fasicas permitiu que o artista costa-riquenho Rialengo realizasse na costa caribenha colombiana em 2019. A resid\u00eancia foi declarada de interesse cultural pelo governo da Costa Rica. A resid\u00eancia proporcionou uma plataforma inestim\u00e1vel para a pesquisa e desenvolvimento do projeto, que agora se materializa num filme que explora os g\u00e9neros musicais fundacionais da cumbia, como o bullerengue, o porro, a m\u00fasica de pito atravesao, a m\u00fasica de gaitas, entre outros.<\/p>\n<p>\u201cEm busca do Swing: uma viagem pelos lugares de nascimento da cumbia\u201c \u00e9 dedicado aos dan\u00e7arinos da velha guarda do Swing crioulo da Costa Rica, que preservaram e transmitiram esta rica tradi\u00e7\u00e3o musical ao longo dos anos. O document\u00e1rio presta homenagem ao seu legado e \u00e0 sua influ\u00eancia duradoura na cultura costa-riquenha. O filme n\u00e3o \u00e9 apenas um tributo \u00e0 cumbia, mas tamb\u00e9m uma celebra\u00e7\u00e3o do patrim\u00f4nio cultural que esta m\u00fasica representa para a Col\u00f4mbia, a Costa Rica e o mundo.<\/p>\n<ul>\n<li>25 de outubro, 16h, na Biblioteca Nacional da Costa Rica.<\/li>\n<li>Mais informa\u00e7\u00f5es em: <a href=\"http:\/\/www.buscandoelswing.com\">buscandoelswing.com<\/a><\/li>\n<\/ul>\n","protected":false},"excerpt":{"rendered":"<p>A antestreia do filme documental \u201cEm busca do Swing: uma viagem pelos lugares de nascimento da cumbia\u201d ter\u00e1 lugar no dia 25 de outubro na Biblioteca Nacional da Costa Rica, com o valioso apoio do Programa\u00a0 Iberm\u00fasicas. Esta obra, declarada de interesse cultural pelo Minist\u00e9rio da Cultura, explora a origem da cumbia e a sua [&hellip;]<\/p>\n","protected":false},"author":7,"featured_media":20477,"comment_status":"closed","ping_status":"closed","sticky":false,"template":"","format":"standard","meta":{"footnotes":""},"categories":[218],"tags":[],"class_list":["post-20479","post","type-post","status-publish","format-standard","has-post-thumbnail","hentry","category-noticias-generales-pt"],"lang":"pt","translations":{"pt":20479,"es":20474},"pll_sync_post":[],"post_mailing_queue_ids":[],"_links":{"self":[{"href":"http:\/\/staging.ibermusicas.org\/index.php\/wp-json\/wp\/v2\/posts\/20479","targetHints":{"allow":["GET"]}}],"collection":[{"href":"http:\/\/staging.ibermusicas.org\/index.php\/wp-json\/wp\/v2\/posts"}],"about":[{"href":"http:\/\/staging.ibermusicas.org\/index.php\/wp-json\/wp\/v2\/types\/post"}],"author":[{"embeddable":true,"href":"http:\/\/staging.ibermusicas.org\/index.php\/wp-json\/wp\/v2\/users\/7"}],"replies":[{"embeddable":true,"href":"http:\/\/staging.ibermusicas.org\/index.php\/wp-json\/wp\/v2\/comments?post=20479"}],"version-history":[{"count":1,"href":"http:\/\/staging.ibermusicas.org\/index.php\/wp-json\/wp\/v2\/posts\/20479\/revisions"}],"predecessor-version":[{"id":20480,"href":"http:\/\/staging.ibermusicas.org\/index.php\/wp-json\/wp\/v2\/posts\/20479\/revisions\/20480"}],"wp:featuredmedia":[{"embeddable":true,"href":"http:\/\/staging.ibermusicas.org\/index.php\/wp-json\/wp\/v2\/media\/20477"}],"wp:attachment":[{"href":"http:\/\/staging.ibermusicas.org\/index.php\/wp-json\/wp\/v2\/media?parent=20479"}],"wp:term":[{"taxonomy":"category","embeddable":true,"href":"http:\/\/staging.ibermusicas.org\/index.php\/wp-json\/wp\/v2\/categories?post=20479"},{"taxonomy":"post_tag","embeddable":true,"href":"http:\/\/staging.ibermusicas.org\/index.php\/wp-json\/wp\/v2\/tags?post=20479"}],"curies":[{"name":"wp","href":"https:\/\/api.w.org\/{rel}","templated":true}]}}