{"id":20481,"date":"2024-10-14T16:40:50","date_gmt":"2024-10-14T16:40:50","guid":{"rendered":"http:\/\/staging.ibermusicas.org\/?p=20481"},"modified":"2024-12-04T14:48:52","modified_gmt":"2024-12-04T14:48:52","slug":"el-gran-pianista-uruguayo-enrique-graf-presenta-miniaturas-sudamericanas-y-una-obra-monumental-en-espana","status":"publish","type":"post","link":"http:\/\/staging.ibermusicas.org\/index.php\/el-gran-pianista-uruguayo-enrique-graf-presenta-miniaturas-sudamericanas-y-una-obra-monumental-en-espana\/","title":{"rendered":"El gran pianista uruguayo Enrique Graf presenta Miniaturas Sudamericanas y una Obra Monumental en Espa\u00f1a"},"content":{"rendered":"<p>Enrique Graf se presentar\u00e1 en Espa\u00f1a con un programa que incluye obras de compositores uruguayos (Eduardo Fabini, Eduardo Gilardoni y H\u00e9ctor Tosar), Mariano Mores de Argentina y Heitor Villa Lobos de Brasil adem\u00e1s de la monumental Sonata en Si Menor de Franz Liszt.<\/p>\n<p>&nbsp;<\/p>\n<p><em>\u201cUno de los brillantes pianistas de nuestros tiempos\u201d <\/em>(The Washington Post), Ha participado como solista con orquestas en Nueva York, Pittsburgh, Baltimore, Nashville, Indianapolis, Richmond, Washington, Miami, Orlando, New Jersey, West Virginia, Charleston, Flagstaff, Mosc\u00fa, Praga, Kiev, Lviv, Puerto Rico, Bogot\u00e1, Santiago, Concepci\u00f3n, Rosario, Tucum\u00e1n, Mendoza, Belo Horizonte, Brasilia, Caracas, Lima, Montevideo, American Chamber Orchestra, Sinf\u00f3nica de las Am\u00e9ricas, Janacek Philharmonic, entre muchas otras.<\/p>\n<p>&nbsp;<\/p>\n<p>Su CD con obras de Poulenc fue elegido \u201cmejor del mes\u201d por el London Sunday Times. Otros discos con obras de Bach, Mendelssohn, Mussorgsky, Liszt, un recital en vivo con favoritos del repertorio pian\u00edstico, Sonatas de Debussy y Strauss y otro con obras latinoamericanas para viol\u00edn y piano y conciertos para piano y orquesta de Beethoven, Grieg, Gershwin, Edward Hart y Leonardo Balada han recibido altos elogios en la prensa.<\/p>\n<p>&nbsp;<\/p>\n<p>Graf gan\u00f3 el Primer Premio en el Concurso Internacional de Piano \u201cWilliam Kapell\u201d y desde entonces ha actuado en recitales, m\u00fasica de c\u00e1mara y con orquestas en Lincoln Center, Kennedy Center, South Bay Center en Los \u00c1ngeles, el Broward Center for the Arts en Florida y el Carnegie Hall. Particip\u00f3 en los Festivales de San Miguel de Allende, Chautauqua, Spoleto, Kiev, Maryland, Houston, Natal, Vale Veneto y Perugia, el Mozarteum Argentino, los Centros Culturales de San Pablo y Manila, la Sociedad Beethoven de Europa en St. Martin in the Fields y St. James Piccadilly en Londres.<\/p>\n<p>&nbsp;<\/p>\n<p>Estos conciertos son posibles gracias al apoyo de Iberm\u00fasicas mediante sus Ayudas a la Circulaci\u00f3n, convocatoria 2023.<\/p>\n<p>&nbsp;<\/p>\n<ul>\n<li>25 de octubre, 20h30: El Circol, Associaci\u00f3 de Concerts Reus, Catalu\u00f1a, Espa\u00f1a<\/li>\n<li>27 de octubre, 18h: Teatre Principal de Valls, Amics de la M\u00fasica de Valls i Joventuts Musicals de l\u2019Alt Camp, Catalu\u00f1a, Espa\u00f1a<\/li>\n<\/ul>\n","protected":false},"excerpt":{"rendered":"<p>Enrique Graf se presentar\u00e1 en Espa\u00f1a con un programa que incluye obras de compositores uruguayos (Eduardo Fabini, Eduardo Gilardoni y H\u00e9ctor Tosar), Mariano Mores de Argentina y Heitor Villa Lobos de Brasil adem\u00e1s de la monumental Sonata en Si Menor de Franz Liszt. &nbsp; \u201cUno de los brillantes pianistas de nuestros tiempos\u201d (The Washington Post), [&hellip;]<\/p>\n","protected":false},"author":7,"featured_media":20482,"comment_status":"closed","ping_status":"closed","sticky":false,"template":"","format":"standard","meta":{"footnotes":""},"categories":[53],"tags":[],"class_list":["post-20481","post","type-post","status-publish","format-standard","has-post-thumbnail","hentry","category-noticias-generales"],"lang":"es","translations":{"es":20481,"pt":20484},"pll_sync_post":[],"post_mailing_queue_ids":[],"_links":{"self":[{"href":"http:\/\/staging.ibermusicas.org\/index.php\/wp-json\/wp\/v2\/posts\/20481","targetHints":{"allow":["GET"]}}],"collection":[{"href":"http:\/\/staging.ibermusicas.org\/index.php\/wp-json\/wp\/v2\/posts"}],"about":[{"href":"http:\/\/staging.ibermusicas.org\/index.php\/wp-json\/wp\/v2\/types\/post"}],"author":[{"embeddable":true,"href":"http:\/\/staging.ibermusicas.org\/index.php\/wp-json\/wp\/v2\/users\/7"}],"replies":[{"embeddable":true,"href":"http:\/\/staging.ibermusicas.org\/index.php\/wp-json\/wp\/v2\/comments?post=20481"}],"version-history":[{"count":1,"href":"http:\/\/staging.ibermusicas.org\/index.php\/wp-json\/wp\/v2\/posts\/20481\/revisions"}],"predecessor-version":[{"id":20483,"href":"http:\/\/staging.ibermusicas.org\/index.php\/wp-json\/wp\/v2\/posts\/20481\/revisions\/20483"}],"wp:featuredmedia":[{"embeddable":true,"href":"http:\/\/staging.ibermusicas.org\/index.php\/wp-json\/wp\/v2\/media\/20482"}],"wp:attachment":[{"href":"http:\/\/staging.ibermusicas.org\/index.php\/wp-json\/wp\/v2\/media?parent=20481"}],"wp:term":[{"taxonomy":"category","embeddable":true,"href":"http:\/\/staging.ibermusicas.org\/index.php\/wp-json\/wp\/v2\/categories?post=20481"},{"taxonomy":"post_tag","embeddable":true,"href":"http:\/\/staging.ibermusicas.org\/index.php\/wp-json\/wp\/v2\/tags?post=20481"}],"curies":[{"name":"wp","href":"https:\/\/api.w.org\/{rel}","templated":true}]}}