{"id":20484,"date":"2024-10-14T16:43:07","date_gmt":"2024-10-14T16:43:07","guid":{"rendered":"http:\/\/staging.ibermusicas.org\/?p=20484"},"modified":"2024-12-04T14:42:53","modified_gmt":"2024-12-04T14:42:53","slug":"o-grande-pianista-uruguaio-enrique-graf-apresenta-miniaturas-da-america-do-sul-e-uma-obra-monumental-na-espanha","status":"publish","type":"post","link":"http:\/\/staging.ibermusicas.org\/index.php\/o-grande-pianista-uruguaio-enrique-graf-apresenta-miniaturas-da-america-do-sul-e-uma-obra-monumental-na-espanha\/","title":{"rendered":"O grande pianista uruguaio Enrique Graf apresenta Miniaturas da Am\u00e9rica do Sul e uma Obra Monumental na Espanha"},"content":{"rendered":"<p>Enrique Graf se apresentar\u00e1 na Espanha com um programa que inclui obras de compositores uruguaios (Eduardo Fabini, Eduardo Gilardoni e H\u00e9ctor Tosar), Mariano Mores da Argentina e Heitor Villa Lobos do Brasil, bem como a monumental Sonata em Si Menor de Franz Liszt.<\/p>\n<p>&nbsp;<\/p>\n<p><em>\u201cUm dos pianistas brilhantes de nosso tempo\u201d <\/em>(The Washington Post), ele se apresentou como solista com orquestras em Nova York, Pittsburgh, Baltimore, Nashville, Indian\u00e1polis, Richmond, Washington, Miami, Orlando, Nova Jersey, Virg\u00ednia Ocidental, Charleston, Flagstaff, Moscou, Praga, Kiev, Lviv, Porto Rico, Bogot\u00e1, Santiago, Concepci\u00f3n, Ros\u00e1rio, Tucum\u00e1n, Mendoza, Belo Horizonte, Bras\u00edlia, Caracas, Lima, Montevid\u00e9u, American Chamber Orchestra, Sinf\u00f4nica de las Am\u00e9ricas, Janacek Philharmonic, entre muitas outras.<\/p>\n<p>&nbsp;<\/p>\n<p>Seu CD com obras de Poulenc foi escolhido o \u201cmelhor do m\u00eas\u201d pelo Sunday Times de Londres. Outros CDs com obras de Bach, Mendelssohn, Mussorgsky, Liszt, um recital ao vivo com as favoritas do repert\u00f3rio para piano, Sonatas de Debussy e Strauss e outro com obras latino-americanas para violino e piano e concertos para piano e orquestra de Beethoven, Grieg, Gershwin, Edward Hart e Leonardo Balada receberam muitos elogios da imprensa.<\/p>\n<p>&nbsp;<\/p>\n<p>Graf ganhou o Primeiro Pr\u00eamio no Concurso Internacional de Piano William Kapell e, desde ent\u00e3o, tem se apresentado em recitais, m\u00fasica de c\u00e2mara e com orquestras no Lincoln Center, Kennedy Center, South Bay Center em Los Angeles, Broward Center for the Arts na Fl\u00f3rida e Carnegie Hall. Participou dos Festivais de San Miguel de Allende, Chautauqua, Spoleto, Kiev, Maryland, Houston, Natal, Vale Veneto e Perugia, do Mozarteum Argentino, dos Centros Culturais de S\u00e3o Paulo e Manila, da Beethoven Society of Europe em St. Martin in the Fields e St. James Piccadilly em Londres.<\/p>\n<p>&nbsp;<\/p>\n<p>Estes concertos s\u00e3o poss\u00edveis gra\u00e7as ao apoio do Iberm\u00fasicas por meio das Ajudas \u00e0 Circula\u00e7\u00e3o, chamada 2023.<\/p>\n<ul>\n<li>25 de outubro, 20h30: El Circol, Associaci\u00f3 de Concerts Reus, Catalunha, Espanha<\/li>\n<li>27 de outubro, 18h: Teatre Principal de Valls, Amics de la M\u00fasica de Valls i Joventuts Musicals de l&#8217;Alt Camp, Catalunha, Espanha<\/li>\n<\/ul>\n","protected":false},"excerpt":{"rendered":"<p>Enrique Graf se apresentar\u00e1 na Espanha com um programa que inclui obras de compositores uruguaios (Eduardo Fabini, Eduardo Gilardoni e H\u00e9ctor Tosar), Mariano Mores da Argentina e Heitor Villa Lobos do Brasil, bem como a monumental Sonata em Si Menor de Franz Liszt. &nbsp; \u201cUm dos pianistas brilhantes de nosso tempo\u201d (The Washington Post), ele [&hellip;]<\/p>\n","protected":false},"author":7,"featured_media":20482,"comment_status":"closed","ping_status":"closed","sticky":false,"template":"","format":"standard","meta":{"footnotes":""},"categories":[218],"tags":[],"class_list":["post-20484","post","type-post","status-publish","format-standard","has-post-thumbnail","hentry","category-noticias-generales-pt"],"lang":"pt","translations":{"pt":20484,"es":20481},"pll_sync_post":[],"post_mailing_queue_ids":[],"_links":{"self":[{"href":"http:\/\/staging.ibermusicas.org\/index.php\/wp-json\/wp\/v2\/posts\/20484","targetHints":{"allow":["GET"]}}],"collection":[{"href":"http:\/\/staging.ibermusicas.org\/index.php\/wp-json\/wp\/v2\/posts"}],"about":[{"href":"http:\/\/staging.ibermusicas.org\/index.php\/wp-json\/wp\/v2\/types\/post"}],"author":[{"embeddable":true,"href":"http:\/\/staging.ibermusicas.org\/index.php\/wp-json\/wp\/v2\/users\/7"}],"replies":[{"embeddable":true,"href":"http:\/\/staging.ibermusicas.org\/index.php\/wp-json\/wp\/v2\/comments?post=20484"}],"version-history":[{"count":1,"href":"http:\/\/staging.ibermusicas.org\/index.php\/wp-json\/wp\/v2\/posts\/20484\/revisions"}],"predecessor-version":[{"id":20485,"href":"http:\/\/staging.ibermusicas.org\/index.php\/wp-json\/wp\/v2\/posts\/20484\/revisions\/20485"}],"wp:featuredmedia":[{"embeddable":true,"href":"http:\/\/staging.ibermusicas.org\/index.php\/wp-json\/wp\/v2\/media\/20482"}],"wp:attachment":[{"href":"http:\/\/staging.ibermusicas.org\/index.php\/wp-json\/wp\/v2\/media?parent=20484"}],"wp:term":[{"taxonomy":"category","embeddable":true,"href":"http:\/\/staging.ibermusicas.org\/index.php\/wp-json\/wp\/v2\/categories?post=20484"},{"taxonomy":"post_tag","embeddable":true,"href":"http:\/\/staging.ibermusicas.org\/index.php\/wp-json\/wp\/v2\/tags?post=20484"}],"curies":[{"name":"wp","href":"https:\/\/api.w.org\/{rel}","templated":true}]}}